{"id":14380,"date":"2021-05-27T01:01:10","date_gmt":"2021-05-27T01:01:10","guid":{"rendered":"https:\/\/hangar.com.pt\/online\/?p=14380"},"modified":"2021-06-16T12:11:52","modified_gmt":"2021-06-16T12:11:52","slug":"gatherings-gendering-decolonizations-ways-of-seeing-and-knowing","status":"publish","type":"post","link":"https:\/\/hangar.com.pt\/online\/gatherings-gendering-decolonizations-ways-of-seeing-and-knowing\/","title":{"rendered":"Gathering(s) Gendering Decolonizations: Ways of Seeing and Knowing"},"content":{"rendered":"<div class=\"wpb-content-wrapper\"><p>[vc_row full_width=&#8221;stretch_row_content_no_spaces&#8221; css=&#8221;.vc_custom_1591205395657{margin-top: 0px !important;margin-bottom: 0px !important;padding-top: 0px !important;padding-bottom: 0px !important;}&#8221;][vc_column][vc_column_text css=&#8221;.vc_custom_1622027786970{padding-left: 25px !important;}&#8221;]<\/p>\n<h1>Gathering(s) Gendering Decolonizations: Ways of Seeing and Knowing<\/h1>\n<p>[\/vc_column_text][\/vc_column][\/vc_row][vc_row full_width=&#8221;stretch_row_content_no_spaces&#8221; css=&#8221;.vc_custom_1623258852238{margin-top: 0px !important;margin-bottom: 0px !important;padding-top: 0px !important;padding-bottom: 0px !important;background-image: url(https:\/\/hangar.com.pt\/online\/wp-content\/uploads\/2021\/05\/tradicao-imaginacao.jpg?id=14498) !important;background-position: center !important;background-repeat: no-repeat !important;background-size: cover !important;}&#8221;][vc_column][vc_empty_space height=&#8221;1080px&#8221;][vc_column_text css=&#8221;.vc_custom_1623258661101{margin-top: 0px !important;margin-bottom: 0px !important;padding-top: 0px !important;padding-bottom: 0px !important;}&#8221;]<span style=\"color: #ffffff;\">\u00a9 Tradi\u00e7\u00e3o e Imagina\u00e7\u00e3o, Vanessa Fernandes<\/span>[\/vc_column_text][\/vc_column][\/vc_row][vc_row full_width=&#8221;stretch_row_content&#8221;][vc_column width=&#8221;1\/2&#8243;][vc_column_text]<\/p>\n<h3>Info<\/h3>\n<p>[\/vc_column_text][vc_separator color=&#8221;black&#8221;][vc_row_inner][vc_column_inner width=&#8221;1\/2&#8243;][vc_column_text css=&#8221;.vc_custom_1614172912666{margin-top: 0px !important;margin-bottom: 0px !important;padding-top: 0px !important;padding-bottom: 0px !important;}&#8221;]Title[\/vc_column_text][\/vc_column_inner][vc_column_inner width=&#8221;1\/2&#8243;][vc_column_text css=&#8221;.vc_custom_1622027792716{margin-top: 0px !important;margin-bottom: 0px !important;padding-top: 0px !important;padding-bottom: 0px !important;}&#8221;]Gathering(s) Gendering Decolonizations: Ways of Seeing and Knowing[\/vc_column_text][\/vc_column_inner][\/vc_row_inner][vc_row_inner][vc_column_inner width=&#8221;1\/2&#8243;][vc_column_text css=&#8221;.vc_custom_1622026657417{margin-top: 0px !important;margin-bottom: 0px !important;padding-top: 0px !important;padding-bottom: 0px !important;}&#8221;]Organized by[\/vc_column_text][\/vc_column_inner][vc_column_inner width=&#8221;1\/2&#8243;][vc_column_text css=&#8221;.vc_custom_1622026690351{margin-top: 0px !important;margin-bottom: 0px !important;padding-top: 0px !important;padding-bottom: 0px !important;}&#8221;]Ana Cristina Pereira<br \/>\nIn\u00eas Beleza Barreiros<br \/>\nMaria do Carmo Pi\u00e7arra[\/vc_column_text][\/vc_column_inner][\/vc_row_inner][vc_row_inner][vc_column_inner width=&#8221;1\/2&#8243;][vc_column_text css=&#8221;.vc_custom_1598972106365{margin-top: 0px !important;margin-bottom: 0px !important;padding-top: 0px !important;padding-bottom: 0px !important;}&#8221;]Location[\/vc_column_text][\/vc_column_inner][vc_column_inner width=&#8221;1\/2&#8243;][vc_column_text css=&#8221;.vc_custom_1622027307787{margin-top: 0px !important;margin-bottom: 0px !important;padding-top: 0px !important;padding-bottom: 0px !important;}&#8221;]HANGAR<br \/>\nR. Damasceno Monteiro, 12 R\/C<br \/>\n1170-112 Lisbon[\/vc_column_text][\/vc_column_inner][\/vc_row_inner][vc_row_inner][vc_column_inner width=&#8221;1\/2&#8243;][vc_column_text css=&#8221;.vc_custom_1591205246127{margin-top: 0px !important;margin-bottom: 0px !important;padding-top: 0px !important;padding-bottom: 0px !important;}&#8221;]Opening[\/vc_column_text][\/vc_column_inner][vc_column_inner width=&#8221;1\/2&#8243;][vc_column_text css=&#8221;.vc_custom_1622027067108{margin-top: 0px !important;margin-bottom: 0px !important;padding-top: 0px !important;padding-bottom: 0px !important;}&#8221;]May 27th &#8211; 10 am[\/vc_column_text][\/vc_column_inner][\/vc_row_inner][vc_row_inner][vc_column_inner width=&#8221;1\/2&#8243;][vc_column_text css=&#8221;.vc_custom_1591205271348{margin-top: 0px !important;margin-bottom: 0px !important;padding-top: 0px !important;padding-bottom: 0px !important;}&#8221;]Dates[\/vc_column_text][\/vc_column_inner][vc_column_inner width=&#8221;1\/2&#8243;][vc_column_text css=&#8221;.vc_custom_1622077860831{margin-top: 0px !important;margin-bottom: 0px !important;padding-top: 0px !important;padding-bottom: 0px !important;}&#8221;]May 27th to June 3rd[\/vc_column_text][\/vc_column_inner][\/vc_row_inner][vc_row_inner][vc_column_inner width=&#8221;1\/2&#8243;][vc_column_text css=&#8221;.vc_custom_1591205299977{margin-top: 0px !important;margin-bottom: 0px !important;padding-top: 0px !important;padding-bottom: 0px !important;}&#8221;]Videos[\/vc_column_text][\/vc_column_inner][vc_column_inner width=&#8221;1\/2&#8243;][vc_column_text css=&#8221;.vc_custom_1622077380439{margin-top: 0px !important;margin-bottom: 0px !important;padding-top: 0px !important;padding-bottom: 0px !important;}&#8221;]De Submisso a Pol\u00edtico: o Lugar do Corpo Negro na Cultura Visual &#8211; Melissa Rodrigues, 2021<\/p>\n<p>Essencial \u00e9 a Fome &#8211; Raquel Lima, 2020<\/p>\n<p>N\u00f4s Terra &#8211; Ana Tica, 2020<\/p>\n<p>ANTICORPO: a Parody on the Colonial Ambition &#8211; Patr\u00edcia Lino, 2019-20<\/p>\n<p>Teko Haxy &#8211; Ser Imperfeita &#8211; Patr\u00edcia Ferreira &amp; Sophia Pinheiro, 2018<\/p>\n<p>Recognition &#8211; Sara Serpa, 2020<\/p>\n<p>Rorschach for a blindness &#8211; Vanessa Fernandes, 2020<\/p>\n<p>Tradi\u00e7\u00e3o e Imagina\u00e7\u00e3o &#8211; Vanessa Fernandes, 2018<\/p>\n<p>Mulheres de Armas &#8211; Kamy Lara, 2012[\/vc_column_text][\/vc_column_inner][\/vc_row_inner][\/vc_column][vc_column width=&#8221;1\/2&#8243;][vc_column_text]<\/p>\n<h3>Synopsis<\/h3>\n<p>[\/vc_column_text][vc_separator color=&#8221;black&#8221;][vc_column_text]In the context of the internationalism that was the backbone of liberation struggles worldwide, women used images \u2013 mostly photography and film \u2013 as a weapon. In a certain way, this political engaged praxis was a sort of response to the use of images by political, scientific, and economic propaganda, which very much sustained the colonial order and ideology.<\/p>\n<p>In Portuguese-speaking countries, among the women who photographed or made films for political purposes, the names of Augusta Conchiglia, Margaret Dickinson, Ingela Romare, Sarah Maldoror and Suzanne Lipinska stand out. The filmed materials \u2013 and not just the ones women authored \u2013 were given meaning by film editors Jacqueline Meppiel, Cristiana Tullio-Altan or Josefina Crato (the only woman among the four young Guineans sent, by Am\u00edlcar Cabral himself, to Cuba to study cinema).<br \/>\nMargarida Cardoso, Pocas Pascoal, Maria Jo\u00e3o Ganga, Isabel Noronha through their cinematographic fictions; Kamy Lara, Ana Tica, Diana Andringa and Catarina Laranjeiro, through their documentary films; Eur\u00eddice Kala, Vanessa Fernandes, Filipa C\u00e9sar, M\u00f3nica de Miranda, ngela Ferreira, Luciana Fina, Jota Momba\u00e7a and Grada Kilomba through their projects, installations, performances and visual art works, make decisive contributions that reflect on (post-)colonial memories and experiences, ways of decolonizing the archive and re-imagine Portuguese colonialism and the struggle against it.<\/p>\n<p>No history of decolonization or of decolonizing praxes is ever completed without attention to gender. How did women view the liberation struggles in the former Portuguese colonies? How were their ways of seeing integrated or not in the imagination of colonialism? Was there a specific gaze to women over the liberation struggles? What knowledge and awareness do we have of\/about these ways of seeing? And how do these ways of seeing intersect with those of contemporary filmmakers, artists, curators and academics who are now questioning public and private archives, are visually recreating their memories or re-imagining colonialism? What role academic research, archive conservation policies, programming and curatorship have in questioning or prolonging (official) \u201cpolitics of memory\u201d?<\/p>\n<p>GATHERING(S) Gendering Decolonizations: Ways of Seeing and Knowing intends to contribute to the debate.[\/vc_column_text][\/vc_column][\/vc_row][vc_row full_width=&#8221;stretch_row_content&#8221;][vc_column][vc_separator color=&#8221;black&#8221;][\/vc_column][\/vc_row][vc_row full_width=&#8221;stretch_row_content&#8221;][vc_column][vc_column_text]<strong>Ana Cristina Pereira<\/strong><br \/>\nActress and director since 1996 and teacher in secondary and higher education since 2001, Ana Cristina Pereira (also known as Kitty Furtado) has a Ph.D. in Cultural Studies from the University of Minho, with the thesis &#8220;Alterity and identity in film fiction in Portugal and Mozambique&#8221;. Her main research themes include racism, social identity, social representations, and cultural memory in cinema, from a post-colonial and intersectional perspective, on which she has published various scientific articles. She is a researcher of the (THE)OTHERING project and a member of the N\u00facleo Anti\u2011Racista do Porto.<\/p>\n<p><strong>In\u00eas Beleza Barreiros <\/strong><br \/>\nVisual archaeologist. She finished her Ph.D. in Media, Culture and Communication Studies at New York University. Her research interests are located at the intersection of visual culture, memory studies and decolonial theory-praxis and their articulation within the history of the Portuguese empire, in particular its contemporary modes of existence. She also holds a special interest in indigenous cosmogonies, animal studies, and trees.<br \/>\nIn\u00eas has an M.A. in Contemporary Art History from FCSH-Universidade Nova de Lisboa and a B.A. in History, branch Art History from Faculdade de Letras-Universidade de Lisboa. She also studied at the New School for Social Research (anthropology) and at Sorbonne-Paris IV.<br \/>\nIn addition she works in film and is currently developing the visual project Colonial Specters: a visual hauntology.<br \/>\nIn\u00eas is the author of \u201cSob o Olhar de Deuses sem Vergonha\u201d: Cultura Visual e Paisagens Contempor\u00e2neas (Lisboa: IHA-EAC\/Colibri, 2009).<\/p>\n<p><strong>Maria do Carmo Pi\u00e7arra<\/strong><br \/>\nCommunication Sciences PhD, New University of Lisbon. Postdoctoral Researcher at the Centre of the Communication and Society Research of the University of Minho and the Centre for Comparative Studies of the University of Lisbon. Co-editor of Aniki \u2013 Portuguese Journal of the Moving Image, she is a journalist, film critic and programmer. She published Azuis ultramarinos. Propaganda colonial e censura no cinema do Estado Novo (Overseas blues. Colonial propaganda and censorship in the cinema of Estado Novo (2015), Salazar vai ao cinema I, II (Salazar goes to to movies) (2006, 2011), and co-edited, with Jorge Ant\u00f3nio, the trilogy \u201cAngola, o nascimento de uma na\u00e7\u00e3o\u201d (Angola, the birth of a nation) (2013, 2014, 2015).[\/vc_column_text][\/vc_column][\/vc_row][vc_row full_width=&#8221;stretch_row_content&#8221;][vc_column][vc_separator color=&#8221;black&#8221;][\/vc_column][\/vc_row][vc_row full_width=&#8221;stretch_row_content&#8221;][vc_column][vc_basic_grid post_type=&#8221;post&#8221; max_items=&#8221;20&#8243; element_width=&#8221;6&#8243; gap=&#8221;10&#8243; order=&#8221;ASC&#8221; item=&#8221;11567&#8243; grid_id=&#8221;vc_gid:1623258748947-4bd49128-b297-4&#8243; taxonomies=&#8221;6572&#8243;][\/vc_column][\/vc_row]<\/p>\n<\/div>","protected":false},"excerpt":{"rendered":"<p>[vc_row full_width=&#8221;stretch_row_content_no_spaces&#8221; css=&#8221;.vc_custom_1591205395657{margin-top: 0px !important;margin-bottom: 0px !important;padding-top: 0px !important;padding-bottom: 0px !important;}&#8221;][vc_column][vc_column_text css=&#8221;.vc_custom_1622027786970{padding-left: 25px !important;}&#8221;] Gathering(s) Gendering Decolonizations: Ways of Seeing and Knowing [\/vc_column_text][\/vc_column][\/vc_row][vc_row full_width=&#8221;stretch_row_content_no_spaces&#8221; css=&#8221;.vc_custom_1623258852238{margin-top: 0px !important;margin-bottom: 0px !important;padding-top: 0px !important;padding-bottom: 0px !important;background-image: url(https:\/\/hangar.com.pt\/online\/wp-content\/uploads\/2021\/05\/tradicao-imaginacao.jpg?id=14498) !important;background-position: center !important;background-repeat: no-repeat !important;background-size: cover &hellip; <\/p>\n","protected":false},"author":34,"featured_media":14498,"comment_status":"closed","ping_status":"closed","sticky":false,"template":"","format":"standard","meta":{"_bbp_topic_count":0,"_bbp_reply_count":0,"_bbp_total_topic_count":0,"_bbp_total_reply_count":0,"_bbp_voice_count":0,"_bbp_anonymous_reply_count":0,"_bbp_topic_count_hidden":0,"_bbp_reply_count_hidden":0,"_bbp_forum_subforum_count":0,"pmpro_default_level":0,"footnotes":""},"categories":[6545],"tags":[],"class_list":["post-14380","post","type-post","status-publish","format-standard","has-post-thumbnail","hentry","category-videos","pmpro-has-access"],"_links":{"self":[{"href":"https:\/\/hangar.com.pt\/online\/wp-json\/wp\/v2\/posts\/14380","targetHints":{"allow":["GET"]}}],"collection":[{"href":"https:\/\/hangar.com.pt\/online\/wp-json\/wp\/v2\/posts"}],"about":[{"href":"https:\/\/hangar.com.pt\/online\/wp-json\/wp\/v2\/types\/post"}],"author":[{"embeddable":true,"href":"https:\/\/hangar.com.pt\/online\/wp-json\/wp\/v2\/users\/34"}],"replies":[{"embeddable":true,"href":"https:\/\/hangar.com.pt\/online\/wp-json\/wp\/v2\/comments?post=14380"}],"version-history":[{"count":17,"href":"https:\/\/hangar.com.pt\/online\/wp-json\/wp\/v2\/posts\/14380\/revisions"}],"predecessor-version":[{"id":14499,"href":"https:\/\/hangar.com.pt\/online\/wp-json\/wp\/v2\/posts\/14380\/revisions\/14499"}],"wp:featuredmedia":[{"embeddable":true,"href":"https:\/\/hangar.com.pt\/online\/wp-json\/wp\/v2\/media\/14498"}],"wp:attachment":[{"href":"https:\/\/hangar.com.pt\/online\/wp-json\/wp\/v2\/media?parent=14380"}],"wp:term":[{"taxonomy":"category","embeddable":true,"href":"https:\/\/hangar.com.pt\/online\/wp-json\/wp\/v2\/categories?post=14380"},{"taxonomy":"post_tag","embeddable":true,"href":"https:\/\/hangar.com.pt\/online\/wp-json\/wp\/v2\/tags?post=14380"}],"curies":[{"name":"wp","href":"https:\/\/api.w.org\/{rel}","templated":true}]}}