{"id":9547,"date":"2018-01-17T15:17:43","date_gmt":"2018-01-17T15:17:43","guid":{"rendered":"https:\/\/hangar.com.pt\/?p=9547"},"modified":"2021-07-21T10:43:52","modified_gmt":"2021-07-21T09:43:52","slug":"olavo-amado","status":"publish","type":"post","link":"https:\/\/hangar.com.pt\/en\/olavo-amado\/","title":{"rendered":"Olavo Amado"},"content":{"rendered":"<div class=\"wpb-content-wrapper\"><p>[vc_row][vc_column][vc_empty_space height=&#8221;5px&#8221;][vc_separator color=&#8221;black&#8221;][\/vc_column][\/vc_row][vc_row][vc_column][vc_column_text]<\/p>\n<div style=\"text-align: justify;\">\n<p>Olavo Amado was born in S\u00e3o Tom\u00e9, where he lives and works. A self-taught artist, in 2002 he began his career in S\u00e3o Tom\u00e9 at Espa\u00e7o Teia d&#8217;Arte where he collaborated and participated in various artistic encounters. Amado did artistic residency in New York (OMI- International Art Center, 2015), Amsterdam (2011) and Paris (2007)<\/p>\n<p>\u201cIn a constant movement, I make the environment that surrounds me the focus of my inspiration. Through images, its construction and deconstruction, and the reflection about the present, allows me to permanently establish the connection between the past and the future. By transposing and transfiguring images into graphic compositions I follow the labyrinth theory of creation, which is the process of most of his works, crossing lines, strokes and colors till their dematerialization in abstract expressions, reflecting multiple worlds and multiple identities in a constant search.\u201d<\/p>\n<\/div>\n<p>[\/vc_column_text][\/vc_column][\/vc_row][vc_row][vc_column][vc_empty_space height=&#8221;5px&#8221;][\/vc_column][\/vc_row][vc_row][vc_column][vc_masonry_media_grid initial_loading_animation=&#8221;none&#8221; grid_id=&#8221;vc_gid:1516202188593-4fd52ced-de7b-3&#8243; include=&#8221;9554,9553,9552,9551,9550,9549&#8243;][\/vc_column][\/vc_row]<\/p>\n<\/div>","protected":false},"excerpt":{"rendered":"<p>[vc_row][vc_column][vc_empty_space height=&#8221;5px&#8221;][vc_separator color=&#8221;black&#8221;][\/vc_column][\/vc_row][vc_row][vc_column][vc_column_text] Olavo Amado was born in S\u00e3o Tom\u00e9, where he lives and works. A self-taught artist, in 2002 he began his career in S\u00e3o Tom\u00e9 at Espa\u00e7o Teia&hellip;<\/p>\n","protected":false},"author":8,"featured_media":9553,"comment_status":"closed","ping_status":"open","sticky":false,"template":"","format":"standard","meta":{"footnotes":""},"categories":[168],"tags":[],"class_list":["post-9547","post","type-post","status-publish","format-standard","has-post-thumbnail","hentry","category-portfolios"],"_links":{"self":[{"href":"https:\/\/hangar.com.pt\/en\/wp-json\/wp\/v2\/posts\/9547","targetHints":{"allow":["GET"]}}],"collection":[{"href":"https:\/\/hangar.com.pt\/en\/wp-json\/wp\/v2\/posts"}],"about":[{"href":"https:\/\/hangar.com.pt\/en\/wp-json\/wp\/v2\/types\/post"}],"author":[{"embeddable":true,"href":"https:\/\/hangar.com.pt\/en\/wp-json\/wp\/v2\/users\/8"}],"replies":[{"embeddable":true,"href":"https:\/\/hangar.com.pt\/en\/wp-json\/wp\/v2\/comments?post=9547"}],"version-history":[{"count":1,"href":"https:\/\/hangar.com.pt\/en\/wp-json\/wp\/v2\/posts\/9547\/revisions"}],"predecessor-version":[{"id":18691,"href":"https:\/\/hangar.com.pt\/en\/wp-json\/wp\/v2\/posts\/9547\/revisions\/18691"}],"wp:featuredmedia":[{"embeddable":true,"href":"https:\/\/hangar.com.pt\/en\/wp-json\/wp\/v2\/media\/9553"}],"wp:attachment":[{"href":"https:\/\/hangar.com.pt\/en\/wp-json\/wp\/v2\/media?parent=9547"}],"wp:term":[{"taxonomy":"category","embeddable":true,"href":"https:\/\/hangar.com.pt\/en\/wp-json\/wp\/v2\/categories?post=9547"},{"taxonomy":"post_tag","embeddable":true,"href":"https:\/\/hangar.com.pt\/en\/wp-json\/wp\/v2\/tags?post=9547"}],"curies":[{"name":"wp","href":"https:\/\/api.w.org\/{rel}","templated":true}]}}