{"id":8786,"date":"2017-11-04T18:01:36","date_gmt":"2017-11-04T18:01:36","guid":{"rendered":"http:\/\/hangar.com.pt\/?p=8786"},"modified":"2022-10-02T11:41:11","modified_gmt":"2022-10-02T10:41:11","slug":"movimento-continuo","status":"publish","type":"post","link":"https:\/\/hangar.com.pt\/en\/movimento-continuo\/","title":{"rendered":"Continuous Movement"},"content":{"rendered":"<div class=\"wpb-content-wrapper\"><p>[vc_row][vc_column][vc_empty_space height=&#8221;5px&#8221;][vc_separator color=&#8221;black&#8221;][vc_empty_space][\/vc_column][\/vc_row][vc_row][vc_column width=&#8221;1\/2&#8243;][vc_column_text]<\/p>\n<div style=\"text-align: justify;\">\n<p><strong>Artists: <\/strong> Marco Godoy (Espanha), Aim\u00e9e Zito Lema (Holanda\/Argentina), Priscila Fernandes\u00a0(Portugal) e Nuno da Luz (Portugal)<\/p>\n<p><strong>Curated by<\/strong> Violeta Janeiro<\/p>\n<p><strong>Dates:\u00a0<\/strong><strong>November 21 to December 16, 2017<\/strong><\/p>\n<p><strong>Events on Saturdays (25 November; 2, 9 and 16 December) at 5 pm<\/strong><\/p>\n<p>&nbsp;<\/p>\n<\/div>\n<p>[\/vc_column_text][vc_separator][\/vc_column][vc_column width=&#8221;1\/2&#8243;][vc_single_image image=&#8221;8787&#8243; img_size=&#8221;medium&#8221; add_caption=&#8221;yes&#8221; alignment=&#8221;center&#8221;][vc_column_text]<\/p>\n<p style=\"text-align: center;\">Warp &amp; Weft, Aim\u00e9e Zito Lema y Elisa van Joolen, en colaboraci\u00f3n con Casco, Office for Art, Design and Theory, Utrecht. Workshop y performance, Weverij De Ploeg, 2014.<\/p>\n<p>[\/vc_column_text][\/vc_column][\/vc_row][vc_row][vc_column][vc_column_text]<\/p>\n<h3 style=\"text-align: justify;\">Details<\/h3>\n<p>Continuous Movement is an exhibition about processes. It explores the common areas that are generated from a multiple look at constantly developing projects that create the situations that make up the exhibition.<\/p>\n<p>For four consecutive weeks, the artists Marco Godoy, Aim\u00e9e Zito Lema, Priscila Fernandes with Jay Tan and Nuno da Luz will work in the gallery space (one artist per week) with procedural and investigative work. Every Saturday at 5:00 p.m., there will be an event during which the games and actions developed during the week will be rethought and examined. The rhythms and dynamics of the exhibition invites the public to come to the gallery more than once, since each visit will be part of a whole.<\/p>\n<p>Marco Godoy will bring to the space the strategies used by the pickpockets and apply them to the use we make of images to generate alchemies and magic. Aim\u00e9e Zito Lema departs from the oral tradition that conjugates a collective archive in the transmission of a symptomatology that have inherited the new generations in relation to the authoritarian regime of Salazar. Priscila Fernandes in collaboration with Jay Tan, will try a sensory, perceptive and cognitive discourse by exchanging works that visualizes the vulnerability of the process. Nuno da Luz explores the reverberations of the exhibition hall subjected to the constant fluctuation of the vibrations that launch sound apparatuses.[\/vc_column_text][\/vc_column][\/vc_row][vc_row][vc_column][vc_column_text]<\/p>\n<h3>Bios<\/h3>\n<p><strong>Violeta Janeiro Alfageme<\/strong> (1982) is a curator and researcher. Her work centres primarily on collaborative art practices, politics of knowledge and alternative forms of production, reception and channelling of art. She has worked at the 52nd Venice Biennale, at the Guggenheim Museum New York (Curatorial Fellowship) and at the Spanish Consulate in Shanghai. She is currently preparing her Doctoral Thesis at Universidad de Santiago de Compostela on collaborative art in Spain during the 1990s. In 2017, she has been assistant curator for the Spanish Pavilion at the 57th Biennale di Venezia.\u00a0Among her curatorship are: Continent &amp; Content: Spanish Centres for Contemporary Art, Tongji University and Instituto Cervantes in Shanghai (2009), Influences: a route through the European Cultural Scope, EU Pavilion at EXPO Shanghai (2010) and Several Forms of Friendship at The Goma Gallery in Madrid (2016-17), Exercises Around the Concept of Post-Truth (2017). During July 2017, she has completed a Curatorial Residency at CIA in Buenos Aires (Argentina).<\/p>\n<p><strong>Marco Godoy<\/strong> studied Fine Arts at the Complutense University of Madrid (UCM) and at the School of Art Institute of Chicago. He holds a master&#8217;s degree in Photography from the Royal College of Art (2014). Marco Godoy\u2019s work discusses the society and its rights, connected to the context in which they perform. The works originate as questions about the fractures of the system, generating visual hypotheses through modification, documentation and reorganization as work strategies. The images produced are designed as starting points for a dialogue about the construction of our paradigm. To do this, he uses the media as intervention, photography and video.\u00a0Godoy\u2019s works have been exhibited in galleries and institutions such as the Pompidou Center (2016), the Whitechapel Gallery (2015), the Contemporary Temple Philadelphia (2015), the Tokyo Palace (2015), the Herzliya Tel Aviv Museum of Contemporary Art ), Edinburgh Museum of Art (2015), Black Dies (2015), Matadero Madrid (2015), ICA London (2015), La Panera Lleida (2015), Liverpool Biennial, Stedelijk Museum-Hertogenbosch (2014) Contemporary Art (2014), and Galer\u00eda Barcelona (2014), Siart Bienal La Paz (2013), Tabacalera Madrid (2012), Place to doubt Colombia (2012), among others.<\/p>\n<p><strong>Priscila Fernandes<\/strong> was born in Coimbra in 1981. Lives and works in Rotterdam, the Netherlands. She graduated in Painting from the National College of Art and Design in Dublin, Republic of Ireland, and received her master&#8217;s degree in Fine Arts at the Piet Zwart Institute, Willem de Kooning Academy of the University of Rotterdam. The work of Priscila Fernandes presents proposals in the field of installation, painting and video. In her production, Priscila Fernandes reflects on the impact of industrial and post-industrial contexts on individuals&#8217; lives and their sensorial perception. In videos, publications, drawings, paintings, performances and sound installations, it addresses the social disputes that are at the center of aesthetic decisions of different modern movements. Some recent solo exhibitions: 2015 \/ Those bastard in caps come to have fun and relax by the seaside instead of continuing to work in the factory. TENT, Rotterdam, NL.\u00a02014 \/ Ces salopards en casquettes venus se divertir et se reposer au bord de la mer au lieu de continuer \u00e0 travailler \u00e0 l&#8217;usine. PHAKT Centre Culturel Colombier, Rennes, FR.\u00a02014 \/ Against the Enamel, K\u00fcnstlerhaus Bethanien, Berlin, DE.\u00a02014 \/ \u00bfY\u00a0EL\u00a0ARTE?, Espai13, Fundaci\u00f3 Joan Mir\u00f3, Barcelona, curated by Juan Canela and Ane Agirre Loinaz. Group shows:\u00a02017 \/ Itiner\u00e2ncia Incerteza Viva, Serralves Museum, Porto, PT. \u00a02017 \/ Cole\u00e7\u00e3o Ant\u00f3nio Cachola, Elvas, PT (forthcoming),\u00a02017 \/ Terra, Solar, Vila do Conde, PT (forthcoming),\u00a02017 \/ Free Play, V\u00e4ster\u00e5s Museum, SE. Curated by Katrin Ingelstedt (ongoing).\u00a02017 \/ Dreaming of Cockaigne, Het Wilde Weten, Rotterdam, NL.\u00a02017 \/ Lockers, Stedelijk Museum, Amsterdam, NL.<\/p>\n<p><strong>Aim\u00e9e Zito Lema<\/strong> (Amsterdam, 1982, grew up in Buenos Aires) studied at the University of the Arts, Buenos Aires, the Gerrit Rietveld Academy, Amsterdam, and followed the Master Artistic Research program of the Royal Academy in The Hague (2009 \u2013 2011).\u00a0Aim\u00e9e Zito Lema investigates the way events are remembered, recorded, and how they influence the future, dealing with memories and traumas in a poetic manner.\u00a0Among her current and recent projects and exhibitions are: 11th Gwangju Biennale the Dorothea von Stetten Award exhibition at the Kunstmuseum Bonn (2016), L&#8217;art de la Revolte &#8211; Hors Pistes &#8211; Centre Pompidou Paris (2016), the long-term-research project Body at Work, at Casco, office for art design and theory, Utrecht (2013 \u2013 2014). She was artist-in-residence at \u2018Het Vijfde Seizoen\u2019, Den Dolder, (2011), and has been invited to give talks at the Gerrit Rietveld Academy Amsterdam, the Royal Academy in The Hague, and guest teaching at ArtEZ, Arnhem (2014). She obtained grants and scholarships from the Mondrian Found, the Amsterdams Fonds voor de Kunst and the Prins Bernhard Cultuurfonds. Zito Lema recently finished the Artist-in-residency program at the Rijksakademie Amsterdam (2015 \u2013 2016).<\/p>\n<p><strong>Nuno da Luz<\/strong> (Lisbon, 1984) lives and works in Berlin. Artist and publisher, his work circumscribes both aural and visual in the form of events, installations and printed matter; the latter mostly distributed through the publisher atlas Projectos (run together with artists Andr\u00e9 Rom\u00e3o and Gon\u00e7alo Sena) and the record label Palmario Recordings (run together with the artist Joana Escoval). He recently completed the Master Program of Experimentation in Art and Politics (SPEAP) at Sciences Po, Paris, and founded coyote, a cross-cutting collective working on print, film, lectures and other experimental forms (together with artists Tristan Bera and Ana Vaz, journalist Elida H\u00f8eg and editor Cl\u00e9mence Seurat).\u00a0Recent projects include performing live \u201cwith Assisted Resonance\u201d in Ficarra (Italy), Paris, New York, Porto and Berlin; as well as solo show \u201cenvironments\u201d at Solar \u2013 Galeria de Arte Cinem\u00e1tica, in Vila do Conde. Individual exhibitions include RWSNK ECHOS, Kunstraum Botschaft, (Berlin, 2017), Sud e Magia, Syntax (Lisbon, 2016), Wilderness, Galeria Vera Cort\u00eas (Lisbon, 2015), laissez vibrer at enblanco projektraum (Berlin, 2013) and cave\/Solar (Vila do Conde, 2013), and \u201cO nosso sil\u00eancio \u00e9 um aviso, o nosso sil\u00eancio \u00e9 s\u00f3lido\u201d at Vera Cort\u00eas Art Agency (Lisbon, 2012). Recent group shows include \u201ccidra da luz escoval manso mendes rom\u00e3o sena\u201d, AR S\u00f3lido (Lisbon, 2015), \u201cFicarra_Contemporary Divan\u201d, Palazzo Milio (Ficarra, 2015), \u201cA polyphonic wave of concrete materials flowing through the air\u201d, Espa\u00e7o Artes (Porto, 2014), and \u201c12 Contemporaries: Present States\u201d, Serralves Museum (Porto, 2014). He has also participated in various residency programmes such as the Cit\u00e9 internationale des arts (2015), Residency Unlimited (2014), and Sound Art Braunschweig Projects (2013).[\/vc_column_text][\/vc_column][\/vc_row]<\/p>\n<\/div>","protected":false},"excerpt":{"rendered":"<p>November 21st &#8211; December 16th 2017<\/p>\n","protected":false},"author":8,"featured_media":8788,"comment_status":"closed","ping_status":"closed","sticky":false,"template":"","format":"standard","meta":{"footnotes":""},"categories":[171,165,1],"tags":[243,286],"class_list":["post-8786","post","type-post","status-publish","format-standard","has-post-thumbnail","hentry","category-exhibitions","category-news","category-uncategorized","tag-2017-en","tag-previous"],"_links":{"self":[{"href":"https:\/\/hangar.com.pt\/en\/wp-json\/wp\/v2\/posts\/8786","targetHints":{"allow":["GET"]}}],"collection":[{"href":"https:\/\/hangar.com.pt\/en\/wp-json\/wp\/v2\/posts"}],"about":[{"href":"https:\/\/hangar.com.pt\/en\/wp-json\/wp\/v2\/types\/post"}],"author":[{"embeddable":true,"href":"https:\/\/hangar.com.pt\/en\/wp-json\/wp\/v2\/users\/8"}],"replies":[{"embeddable":true,"href":"https:\/\/hangar.com.pt\/en\/wp-json\/wp\/v2\/comments?post=8786"}],"version-history":[{"count":2,"href":"https:\/\/hangar.com.pt\/en\/wp-json\/wp\/v2\/posts\/8786\/revisions"}],"predecessor-version":[{"id":20280,"href":"https:\/\/hangar.com.pt\/en\/wp-json\/wp\/v2\/posts\/8786\/revisions\/20280"}],"wp:featuredmedia":[{"embeddable":true,"href":"https:\/\/hangar.com.pt\/en\/wp-json\/wp\/v2\/media\/8788"}],"wp:attachment":[{"href":"https:\/\/hangar.com.pt\/en\/wp-json\/wp\/v2\/media?parent=8786"}],"wp:term":[{"taxonomy":"category","embeddable":true,"href":"https:\/\/hangar.com.pt\/en\/wp-json\/wp\/v2\/categories?post=8786"},{"taxonomy":"post_tag","embeddable":true,"href":"https:\/\/hangar.com.pt\/en\/wp-json\/wp\/v2\/tags?post=8786"}],"curies":[{"name":"wp","href":"https:\/\/api.w.org\/{rel}","templated":true}]}}