{"id":6504,"date":"2017-01-20T17:12:41","date_gmt":"2017-01-20T17:12:41","guid":{"rendered":"http:\/\/www.hangar.com.pt\/en\/?p=6504"},"modified":"2022-10-02T12:10:53","modified_gmt":"2022-10-02T11:10:53","slug":"entre-linhas","status":"publish","type":"post","link":"https:\/\/hangar.com.pt\/en\/entre-linhas\/","title":{"rendered":"Entre Linhas"},"content":{"rendered":"<div class=\"wpb-content-wrapper\"><p>[vc_row][vc_column][vc_empty_space height=&#8221;5px&#8221;][vc_separator color=&#8221;black&#8221;][\/vc_column][\/vc_row][vc_row][vc_column width=&#8221;1\/2&#8243;][vc_empty_space][vc_single_image image=&#8221;6490&#8243; img_size=&#8221;large&#8221; alignment=&#8221;center&#8221;][vc_column_text css=&#8221;.vc_custom_1485117573612{margin-top: -40px !important;}&#8221;]<\/p>\n<p style=\"text-align: center;\">\u00a9Rodrigo Tavarela Peixoto<\/p>\n<p>[\/vc_column_text][\/vc_column][vc_column width=&#8221;1\/2&#8243;][vc_column_text]<\/p>\n<div style=\"text-align: justify;\">\n<p>Entre Linhas \u00e9 uma exposi\u00e7\u00e3o inserida temporal e fisicamente no Bairro de Marvila entre as duas linhas de comboio na rua de Marvila. O Pal\u00e1cio Marqu\u00eas de Abrantes serve de enquadramento e local de exposi\u00e7\u00e3o de v\u00e1rios trabalhos de cinco artistas &#8211; Andreia Santana, Diogo Allen, Igor Jesus, Jo\u00e3o Ferro Martins e Rodrigo Tavarela Peixoto, que durante v\u00e1rios meses travaram conhecimento com a hist\u00f3ria do bairro e dos seus habitantes.<\/p>\n<p>O espa\u00e7o de exposi\u00e7\u00e3o \u00e9 porta aberta para a comunidade, tanto ao n\u00edvel dos conte\u00fados apresentados, tal como dos recursos\u00a0inclusos. O Ateliermob, representado com um espa\u00e7o de trabalho dentro da exposi\u00e7\u00e3o, tem como objectivo envolver quem nos visita\u00a0num processo participativo dentro das tem\u00e1ticas lan\u00e7adas na programa\u00e7\u00e3o, atrav\u00e9s de mesas redondas, gabinete de apoio local e\u00a0convites a entidades externas na \u00f3ptica da recupera\u00e7\u00e3o do Pal\u00e1cio.<\/p>\n<p>Esta exposi\u00e7\u00e3o \u00e9 o retrato do territ\u00f3rio na sua contemporaneidade como ve\u00edculo especulativo do sucesso da reconvers\u00e3o do Pal\u00e1cio\u00a0como polo habitacional e cultural da futura comunidade da Rua de Marvila.<\/p>\n<p>&nbsp;<\/p>\n<\/div>\n<p>[\/vc_column_text][vc_column_text]<strong>Exposi\u00e7\u00e3o Entre Linhas<\/strong><br \/>\nPal\u00e1cio Marqu\u00eas de Abrantes,<br \/>\nRua de Marvila 34, Porta 13<\/p>\n<p><strong>Inaugura\u00e7\u00e3o:<\/strong> 21 de Janeiro\u00a02017| 18h \u00e0s 22h<br \/>\nCatering da Associa\u00e7\u00e3o P\u00e3o a P\u00e3o<br \/>\nDJ set Paolo Makossa (Irm\u00e3os Makossa)<\/p>\n<p><strong>Exposi\u00e7\u00e3o at\u00e9 18 de Fevereiro 2017<\/strong>[\/vc_column_text][\/vc_column][\/vc_row][vc_row][vc_column width=&#8221;1\/3&#8243;][vc_column_text]<strong>Artistas:<\/strong> Andreia Santana, Diogo Allen, Igor Jesus, Jo\u00e3o Ferro Martins, Rodrigo Tavarela Peixoto.<\/p>\n<p><strong>Direc\u00e7\u00e3o artistica:<\/strong> M\u00f3nica de Miranda<br \/>\n<strong>Curadoria:<\/strong> Bruno Leit\u00e3o<\/p>\n<p>[\/vc_column_text][vc_column_text]<\/p>\n<p style=\"text-align: left;\"><strong>Mais informa\u00e7\u00f5es:<\/strong><\/p>\n<p style=\"text-align: left;\"><a href=\"http:\/\/mar-vila.org\/\" target=\"_blank\" data-saferedirecturl=\"https:\/\/www.google.com\/url?hl=en-GB&amp;q=http:\/\/mar-vila.org\/&amp;source=gmail&amp;ust=1484218013938000&amp;usg=AFQjCNEvnSLnwWR46O7D281mNmVOd1AUOg\" rel=\"noopener noreferrer\">http:\/\/mar-vila.org\/<\/a><\/p>\n<p>[\/vc_column_text][\/vc_column][vc_column width=&#8221;1\/3&#8243;][vc_column_text]<strong>Programa\u00e7\u00e3o paralela<\/strong><\/p>\n<p>4 de Fevereiro 2017 | 14h &#8211; 17h<br \/>\nAtelier para crian\u00e7as e familias sobre a exposi\u00e7\u00e3o Entre Linhas, com Ingrid Fortez<\/p>\n<p>9 de Fevereiro 2017 l 17h30<br \/>\nVisita guiada com o curador Bruno Leit\u00e3o[\/vc_column_text][\/vc_column][vc_column width=&#8221;1\/3&#8243;][vc_column_text]<strong>Apoio:<\/strong> BIP\/ZIP 2015 do Munic\u00edpio de Lisboa<\/p>\n<p><img loading=\"lazy\" decoding=\"async\" class=\"alignnone size-medium wp-image-6562\" src=\"http:\/\/hangar.com.pt\/wp-content\/uploads\/2017\/01\/LogoBIp-300x119.png\" alt=\"\" width=\"300\" height=\"119\" srcset=\"https:\/\/hangar.com.pt\/wp-content\/uploads\/2017\/01\/LogoBIp-300x119.png 300w, https:\/\/hangar.com.pt\/wp-content\/uploads\/2017\/01\/LogoBIp-600x238.png 600w, https:\/\/hangar.com.pt\/wp-content\/uploads\/2017\/01\/LogoBIp-768x305.png 768w, https:\/\/hangar.com.pt\/wp-content\/uploads\/2017\/01\/LogoBIp-1024x406.png 1024w, https:\/\/hangar.com.pt\/wp-content\/uploads\/2017\/01\/LogoBIp-1130x448.png 1130w, https:\/\/hangar.com.pt\/wp-content\/uploads\/2017\/01\/LogoBIp-800x317.png 800w, https:\/\/hangar.com.pt\/wp-content\/uploads\/2017\/01\/LogoBIp-200x79.png 200w, https:\/\/hangar.com.pt\/wp-content\/uploads\/2017\/01\/LogoBIp-50x20.png 50w\" sizes=\"auto, (max-width: 300px) 100vw, 300px\" \/><br \/>\n<strong>Parceria:<\/strong> Ateliermob[\/vc_column_text][\/vc_column][\/vc_row]<\/p>\n<\/div>","protected":false},"excerpt":{"rendered":"<p>Inaugura\u00e7\u00e3o: <br \/>21 de Janeiro 2017 | 18h \u00e0s 22h<bR><br \/>\nExposi\u00e7\u00e3o at\u00e9 19 de Fevereiro<\/p>\n","protected":false},"author":8,"featured_media":6490,"comment_status":"closed","ping_status":"closed","sticky":false,"template":"","format":"standard","meta":{"footnotes":""},"categories":[165],"tags":[243,286],"class_list":["post-6504","post","type-post","status-publish","format-standard","has-post-thumbnail","hentry","category-news","tag-2017-en","tag-previous"],"_links":{"self":[{"href":"https:\/\/hangar.com.pt\/en\/wp-json\/wp\/v2\/posts\/6504","targetHints":{"allow":["GET"]}}],"collection":[{"href":"https:\/\/hangar.com.pt\/en\/wp-json\/wp\/v2\/posts"}],"about":[{"href":"https:\/\/hangar.com.pt\/en\/wp-json\/wp\/v2\/types\/post"}],"author":[{"embeddable":true,"href":"https:\/\/hangar.com.pt\/en\/wp-json\/wp\/v2\/users\/8"}],"replies":[{"embeddable":true,"href":"https:\/\/hangar.com.pt\/en\/wp-json\/wp\/v2\/comments?post=6504"}],"version-history":[{"count":1,"href":"https:\/\/hangar.com.pt\/en\/wp-json\/wp\/v2\/posts\/6504\/revisions"}],"predecessor-version":[{"id":22208,"href":"https:\/\/hangar.com.pt\/en\/wp-json\/wp\/v2\/posts\/6504\/revisions\/22208"}],"wp:featuredmedia":[{"embeddable":true,"href":"https:\/\/hangar.com.pt\/en\/wp-json\/wp\/v2\/media\/6490"}],"wp:attachment":[{"href":"https:\/\/hangar.com.pt\/en\/wp-json\/wp\/v2\/media?parent=6504"}],"wp:term":[{"taxonomy":"category","embeddable":true,"href":"https:\/\/hangar.com.pt\/en\/wp-json\/wp\/v2\/categories?post=6504"},{"taxonomy":"post_tag","embeddable":true,"href":"https:\/\/hangar.com.pt\/en\/wp-json\/wp\/v2\/tags?post=6504"}],"curies":[{"name":"wp","href":"https:\/\/api.w.org\/{rel}","templated":true}]}}