{"id":5450,"date":"2016-10-31T18:45:25","date_gmt":"2016-10-31T18:45:25","guid":{"rendered":"http:\/\/www.hangar.com.pt\/en\/?p=5450"},"modified":"2022-10-02T12:11:02","modified_gmt":"2022-10-02T11:11:02","slug":"ateliers-livres-programa-paralelo-a-exposicao-crosswords","status":"publish","type":"post","link":"https:\/\/hangar.com.pt\/en\/ateliers-livres-programa-paralelo-a-exposicao-crosswords\/","title":{"rendered":"ATELIERS LIVRES | PROGRAMA PARALELO \u00c0 EXPOSI\u00c7\u00c3O CROSSWORDS"},"content":{"rendered":"<div class=\"wpb-content-wrapper\"><p>[vc_row][vc_column][vc_empty_space height=&#8221;5px&#8221;][vc_separator color=&#8221;black&#8221;][\/vc_column][\/vc_row][vc_row][vc_column width=&#8221;2\/3&#8243;][vc_column_text]<strong>ATELIERS LIVRES | PROGRAMA PARALELO \u00c0 EXPOSI\u00c7\u00c3O CROSSWORDS<\/strong><br \/>\nConcep\u00e7\u00e3o e Orienta\u00e7\u00e3o: Ana de Almeida e Ingrid Fortez<\/p>\n<p><strong>Crian\u00e7as \/ Famil\u00edas<\/strong><br \/>\n5 aos 12 anos l S\u00e1bados 12 Novembro e 19 Novembro |<br \/>\n15h \u00e0s 18h<\/p>\n<p><strong>Local:<\/strong> MINI-HANGAR | Rua Damasceno Monteiro, 12 (Gra\u00e7a)<br \/>\n<strong>Inscri\u00e7\u00f5es:<\/strong> ana.almeida@hangar.com.pt | geral@hangar.com.pt | 21 887 1481 l<\/p>\n<p><strong>GRATUITO!!!<\/strong>[\/vc_column_text][\/vc_column][vc_column width=&#8221;1\/3&#8243;][vc_single_image image=&#8221;5451&#8243; img_size=&#8221;full&#8221;][\/vc_column][\/vc_row][vc_row][vc_column][vc_custom_heading text=&#8221;Detalhes&#8221; font_container=&#8221;tag:h4|text_align:left&#8221; use_theme_fonts=&#8221;yes&#8221;][vc_separator color=&#8221;black&#8221;][\/vc_column][\/vc_row][vc_row][vc_column][vc_custom_heading text=&#8221;Concep\u00e7\u00e3o e Orienta\u00e7\u00e3o&#8221; font_container=&#8221;tag:h4|text_align:left&#8221; use_theme_fonts=&#8221;yes&#8221;][vc_separator color=&#8221;black&#8221;][vc_column_text]<\/p>\n<p style=\"text-align: justify;\"><strong>Ana de Almeida<\/strong><\/p>\n<p style=\"text-align: justify;\">Formada em Fotografia e Comunica\u00e7\u00e3o pela London College of Communication e em \u201cNew art\u201d, arte experimental a n\u00edvel fotogr\u00e1fico, pelo Chelsea College of Art&amp;Design, Londres. Trabalhou durante dois anos como professora de Arte e Educa\u00e7\u00e3o de minorias \u00e9tnicas da Clapham Manor Primary School em Londres. Orientou v\u00e1rias workshops de fotografia com crian\u00e7as e jovens, intitulados \u201clet\u2019s make pictures that you can play and feel with\u201c em v\u00e1rias escola e institui\u00e7\u00f5es em Londres. \u00c9 co-fundadora da Sociedade Lomogr\u00e1fica em Portugal, movimento art\u00edstico internacional de fotografia anal\u00f3gica, onde desenvolve v\u00e1rios projectos fotogr\u00e1ficos a n\u00edvel nacional e internacional como participante, formadora e produtora.<\/p>\n<div style=\"text-align: justify;\"><\/div>\n<p style=\"text-align: justify;\"><strong>Ingrid Fortez<\/strong><\/p>\n<p>Licenciada em Estudos Art\u00edsticos pela Faculdade de Letras (UL), variante de Artes de Espect\u00e1culo, frequenta a p\u00f3s-gradua\u00e7\u00e3o em Comunica\u00e7\u00e3o de Tend\u00eancias (FLUL); trabalha com m\u00fasica e poesia (com Dead Combo, Social Smokers, SirScratch, Cabace\u2026; como diseur para Mar de Letras e Um poema por Semana \u2013 RTP2\/\u00c1frica) teatro e performance (Direc\u00e7\u00e3o e Cria\u00e7\u00e3o de Vanessa, launch do grupo Griot Teatro, \u00e9 pupila em encena\u00e7\u00e3o de Rog\u00e9rio de Carvalho); produz profissionalmente eventos culturais ou de informa\u00e7\u00e3o cultural desde 2006 (para Sons da Lusofonia, Subfilmes\/SicNot\u00edcias e Internacional, Chapit\u00f4, Serralves, S\u00e3o Lu\u00edz, LeCool Magazine\u2026). Nos \u00faltimos 7 anos coordenou Atividades de Tempos Livres e Programas de F\u00e9rias com o Agrupamento Nuno Gon\u00e7alves e, mais recentemente, para o Col\u00e9gio Leonardo Da Vinci \u2013 Luanda- desenvolvendo um trabalho no \u00e2mbito da forma\u00e7\u00e3o e Express\u00e3o Musical, Inicia\u00e7\u00e3o \u00e0 Pr\u00e1tica Teatral e Performance, bem como, desenvolvendo atividades no \u00e2mbito da Educa\u00e7\u00e3o Ecol\u00f3gica e atividades em contexto de Biblioteca Escolar (coordenadora; organizadora de feiras de livros, tert\u00falias com autores de literatura infanto-juvenil, oficinas de Express\u00e3o Escrita\u2026).<\/p>\n<p>[\/vc_column_text][\/vc_column][\/vc_row]<\/p>\n<\/div>","protected":false},"excerpt":{"rendered":"<p>November 12th to 19th 2016<\/p>\n","protected":false},"author":8,"featured_media":5451,"comment_status":"closed","ping_status":"closed","sticky":false,"template":"","format":"standard","meta":{"footnotes":""},"categories":[159,165],"tags":[],"class_list":["post-5450","post","type-post","status-publish","format-standard","has-post-thumbnail","hentry","category-mini-hangar-en","category-news"],"_links":{"self":[{"href":"https:\/\/hangar.com.pt\/en\/wp-json\/wp\/v2\/posts\/5450","targetHints":{"allow":["GET"]}}],"collection":[{"href":"https:\/\/hangar.com.pt\/en\/wp-json\/wp\/v2\/posts"}],"about":[{"href":"https:\/\/hangar.com.pt\/en\/wp-json\/wp\/v2\/types\/post"}],"author":[{"embeddable":true,"href":"https:\/\/hangar.com.pt\/en\/wp-json\/wp\/v2\/users\/8"}],"replies":[{"embeddable":true,"href":"https:\/\/hangar.com.pt\/en\/wp-json\/wp\/v2\/comments?post=5450"}],"version-history":[{"count":1,"href":"https:\/\/hangar.com.pt\/en\/wp-json\/wp\/v2\/posts\/5450\/revisions"}],"predecessor-version":[{"id":21066,"href":"https:\/\/hangar.com.pt\/en\/wp-json\/wp\/v2\/posts\/5450\/revisions\/21066"}],"wp:featuredmedia":[{"embeddable":true,"href":"https:\/\/hangar.com.pt\/en\/wp-json\/wp\/v2\/media\/5451"}],"wp:attachment":[{"href":"https:\/\/hangar.com.pt\/en\/wp-json\/wp\/v2\/media?parent=5450"}],"wp:term":[{"taxonomy":"category","embeddable":true,"href":"https:\/\/hangar.com.pt\/en\/wp-json\/wp\/v2\/categories?post=5450"},{"taxonomy":"post_tag","embeddable":true,"href":"https:\/\/hangar.com.pt\/en\/wp-json\/wp\/v2\/tags?post=5450"}],"curies":[{"name":"wp","href":"https:\/\/api.w.org\/{rel}","templated":true}]}}