{"id":4767,"date":"2016-05-26T22:25:15","date_gmt":"2016-05-26T21:25:15","guid":{"rendered":"http:\/\/www.hangar.com.pt\/en\/?p=4767"},"modified":"2022-10-02T12:11:16","modified_gmt":"2022-10-02T11:11:16","slug":"ateliers-livres-verao-no-mini-hangar","status":"publish","type":"post","link":"https:\/\/hangar.com.pt\/en\/ateliers-livres-verao-no-mini-hangar\/","title":{"rendered":"WORKSHOP | SUMMER HOLIDAYS"},"content":{"rendered":"<div class=\"wpb-content-wrapper\"><p>[vc_row][vc_column][vc_empty_space height=&#8221;5px&#8221;][vc_separator color=&#8221;black&#8221;][\/vc_column][\/vc_row][vc_row][vc_column width=&#8221;2\/3&#8243;][vc_column_text]<\/p>\n<p style=\"text-align: justify;\">VAMOS SER ARTISTAS NO VER\u00c3O!!!<\/p>\n<p style=\"text-align: justify;\">Acabou! Acabaram-se as horas de estudo, os trabalhos de casa, o acordar cedo e rumar para a escola. O Mini Hangar prop\u00f5e para o Ver\u00e3o v\u00e1rias op\u00e7\u00f5es de actividades art\u00edsticas, que te v\u00e3o ajudar a tornares-te num verdadeiro artista. As actividades incluem anima\u00e7\u00e3o, desenho, fotografia, teatro de sombras, performance, escrita criativa e ainda o que a tua imagina\u00e7\u00e3o inventar. Todos os Ateliers organizam uma apresenta\u00e7\u00e3o final para os pais, fam\u00edlia e comunidade em geral, na galeria do Hangar. Os pequenotes sentem-se uns verdadeiros artistas e ter\u00e3o a experi\u00eancia de ser ensinados por verdadeiros artistas. O leque de artistas contam com Susana An\u00e1gua, Daniel Vasconcelo Melim, Eug\u00e9nia Mussa, Mariana Ramos, Beniko Tanaka, Ingrid Fortez e mais convidados!!!<\/p>\n<p style=\"text-align: justify;\">[ Inscri\u00e7\u00f5es e programa completo brevemente ]<\/p>\n<p style=\"text-align: justify;\"><strong>Venue: MINI-HANGAR | Rua Damasceno Monteiro, 12 (Gra\u00e7a)<\/strong><\/p>\n<p>N\u00famero de crian\u00e7as: m\u00ednimo de 5 e m\u00e1ximo de 12<\/p>\n<p style=\"text-align: justify;\"><strong>Sign Up: ana.almeida@hangar.com.pt | geral@hangar.com.pt | 21 887 1481<\/strong><\/p>\n<p>[\/vc_column_text][\/vc_column][vc_column width=&#8221;1\/3&#8243;][vc_single_image image=&#8221;4758&#8243; img_size=&#8221;full&#8221;][\/vc_column][\/vc_row][vc_row][vc_column][vc_custom_heading text=&#8221;Detalhes&#8221; font_container=&#8221;tag:h4|text_align:left&#8221; use_theme_fonts=&#8221;yes&#8221;][vc_separator color=&#8221;black&#8221;][\/vc_column][\/vc_row][vc_row][vc_column width=&#8221;1\/2&#8243;][vc_column_text]<\/p>\n<div style=\"text-align: justify;\">\n<p><b>WORKSHOP SUMMER HOLIDAYS\u00a0<\/b><\/p>\n<p>5 TO 12 YEARS<\/p>\n<p>11TH JULY TO 9TH SEPTEMBER | MONDAY TO FRIDAY | 10AM TO 5PM<\/p>\n<p>Mon\u00a011 to\u00a0Fri\u00a015 de julho<\/p>\n<p>Mon 18 to\u00a0Fri\u00a022 de julho<\/p>\n<p>Mon 25 to\u00a0Fri 29 julho<\/p>\n<p>Mon 01 ago to\u00a0Fri 05 ago<\/p>\n<p>Mon 08 ago\u00a0to Fri 12 ago<\/p>\n<p>Mon 05 set to\u00a0Fri 09 set<\/p>\n<p>&nbsp;<\/p>\n<p>&nbsp;<\/p>\n<\/div>\n<p>[\/vc_column_text][\/vc_column][vc_column width=&#8221;1\/2&#8243;][vc_column_text]PRICES:<\/p>\n<p>1 week\u00a0: 80 \u20ac \/ crian\u00e7a<\/p>\n<p>1 day\u00a0: 20 \u20ac \/ crian\u00e7a<\/p>\n<p>1\/2 day: 10\u20ac \/ crian\u00e7a<\/p>\n<p>Inclui materiais e seguro de acidentes pessoais.<\/p>\n<p>Desconto de 20% para irm\u00e3os e para inscri\u00e7\u00e3o em mais que uma semana.<\/p>\n<p>Desconto 20% para s\u00f3cios<\/p>\n<p>Alimenta\u00e7\u00e3o (opcional) 25\u20ac semana \/ crian\u00e7a (lanche da manh\u00e3, almo\u00e7o e lanche da tarde)<\/p>\n<p>M\u00ednimo 5 participantes l m\u00e1ximo 12<\/p>\n<p>O MINI-HANGAR reserva-se o direito de n\u00e3o realizar a actividade caso n\u00e3o se atinja o n\u00ba m\u00ednimo de inscri\u00e7\u00f5es[\/vc_column_text][\/vc_column][\/vc_row][vc_row][vc_column][vc_custom_heading text=&#8221;Ateliers&#8221; font_container=&#8221;tag:h4|text_align:left&#8221; use_theme_fonts=&#8221;yes&#8221;][vc_separator color=&#8221;black&#8221;][vc_row_inner][vc_column_inner width=&#8221;1\/2&#8243;][vc_column_text]<\/p>\n<p style=\"text-align: center;\"><strong>ANIMA-TE \u2026 estamos de f\u00e9rias!!!<\/strong><\/p>\n<p style=\"text-align: center;\"><strong>seg 11 julho a sex 15 julho<\/strong><\/p>\n<p>[\/vc_column_text][vc_single_image image=&#8221;4825&#8243; img_size=&#8221;medium&#8221; alignment=&#8221;center&#8221;][vc_column_text]<\/p>\n<p style=\"text-align: justify;\">Artistas monitores: Mariana Ramos<\/p>\n<p style=\"text-align: justify;\">Que pa\u00edses e lugares no mundo gostarias de visitar? Partimos do Hangar em busca desses lugares. em transportes inventados e passando por paisagens criadas por n\u00f3s. Podemos dar \u00e0 volta ao mundo sem sair do mesmo s\u00edtio. Dando asas \u00e0 imagina\u00e7\u00e3o, fazemos um pequeno filme de anima\u00e7\u00e3o a partir dessas viagens! Vem experimentar.<\/p>\n<p>[\/vc_column_text][\/vc_column_inner][vc_column_inner width=&#8221;1\/2&#8243;][vc_column_text]<\/p>\n<p style=\"text-align: center;\"><strong>RI MA PL\u00c1STICA <\/strong><\/p>\n<p style=\"text-align: center;\"><strong>De seg 18 a sex 22 de julho<\/strong><\/p>\n<p>[\/vc_column_text][vc_single_image image=&#8221;4826&#8243; img_size=&#8221;medium&#8221; alignment=&#8221;center&#8221;][vc_column_text]<\/p>\n<p style=\"text-align: justify;\">Artistas monitores: Ingrid Fortez<\/p>\n<p style=\"text-align: justify;\">F\u00e9rias como aprendizes de arte. \u00c0s vezes no atelier, outras vezes, no mundo fora dele. A natureza como ponto de partida, a identifica\u00e7\u00e3o da mat\u00e9ria, as formas, os elementos que inspiram a arte e o que nos liga a ela.<\/p>\n<p>Fazer o que os artistas fazem: colocar a emo\u00e7\u00e3o e a subjectividade para criar uma maneira pr\u00f3pria de apresentar as coisas, jogando com a imagina\u00e7\u00e3o, expressando-se sobre pr\u00e1ticas art\u00edsticas, criando a sua pr\u00f3pria interpreta\u00e7\u00e3o do mundo em objetos, a\u00e7\u00f5es e composi\u00e7\u00f5es.<\/p>\n<p>Os aprendizes v\u00e3o experimentar as ideias, expressar espontaneamente e sob-orienta\u00e7\u00e3o, descobrir as pr\u00f3prias apet\u00eancias art\u00edsticas, investigar algumas no\u00e7\u00f5es e teorias \u00e0 pr\u00e1tica das artes, para resultar numa apresenta\u00e7\u00e3o conjunta sob a forma mais abrangente das artes que \u00e9 a performance.<\/p>\n<p>[\/vc_column_text][\/vc_column_inner][\/vc_row_inner][vc_row_inner][vc_column_inner width=&#8221;1\/2&#8243;][vc_column_text]<\/p>\n<p style=\"text-align: center;\"><strong>GEOGRAFIAS SINGULARES<\/strong><\/p>\n<p style=\"text-align: center;\"><strong>seg 25 julho a sex 29 julho<\/strong><\/p>\n<p>[\/vc_column_text][vc_single_image image=&#8221;4829&#8243; img_size=&#8221;medium&#8221; alignment=&#8221;center&#8221;][vc_column_text]<\/p>\n<p style=\"text-align: justify;\">Artistas monitores: Susana An\u00e1gua<\/p>\n<p style=\"text-align: justify;\">A partir do conceito de Geografia como met\u00e1fora do espa\u00e7o.<\/p>\n<p>A partir das novas no\u00e7\u00f5es de territ\u00f3rio e identidade, de fronteiras e linhas de limite esta oficina prop\u00f5e aos participantes uma rela\u00e7\u00e3o com espa\u00e7o enquanto parte fundamental da nossa geografia pessoal.<\/p>\n<p>Atrav\u00e9s do desenho e de colagens e com o apoio de ferramentas digitais, como a fotografia ou o v\u00eddeo, os participantes responder\u00e3o ao desafio de criarem o seu pr\u00f3prio territ\u00f3rio e mapa ficcional, no qual definem rotas, percursos, fronteiras e regras culturais a partir de quem s\u00e3o e de quem querem ser.<\/p>\n<p>[\/vc_column_text][\/vc_column_inner][vc_column_inner width=&#8221;1\/2&#8243;][vc_column_text]<\/p>\n<p style=\"text-align: center;\"><strong>TEATRO DE SOMBRAS &amp; BRINCADEIRAS JAPONESAS <\/strong><\/p>\n<p style=\"text-align: center;\"><strong>seg 01 ago a sex 05 ago<\/strong><\/p>\n<p>[\/vc_column_text][vc_single_image image=&#8221;4830&#8243; img_size=&#8221;medium&#8221; alignment=&#8221;center&#8221;][vc_column_text]<\/p>\n<p style=\"text-align: justify;\">Artistas monitores: Beniko Tanaka<\/p>\n<p style=\"text-align: justify;\">No Jap\u00e3o existem muitas formas de entretenimento originais ainda desconhecidas da maior parte dos p\u00fablicos no mundo ocidental. Brincar \u00e9 muito importante para o desenvolvimento pessoal e cognitivo da crian\u00e7a. Por este motivo, oferecemos momentos de forma\u00e7\u00e3o l\u00fadica atrav\u00e9s da aprendizagem de brincadeiras divertidas e can\u00e7\u00f5es Japonesas, acompanhadas de coreografias simples e jogos de grupo.<\/p>\n<p>No final desta fase de forma\u00e7\u00e3o l\u00fadica, as crian\u00e7as ser\u00e3o convidadas a participar na concep\u00e7\u00e3o e exibi\u00e7\u00e3o de um espect\u00e1culo de teatro de sombras.<\/p>\n<p>O objectivo basilar desta iniciativa consiste em proporcionar aos seus participantes (as crian\u00e7as, mas tamb\u00e9m o seu p\u00fablico de pais familiares e amigos) o contacto com uma cultura t\u00e3o long\u00ednqua e afinal t\u00e3o pr\u00f3xima da mem\u00f3ria, da arte e da historia portuguesas.<\/p>\n<p>[\/vc_column_text][\/vc_column_inner][\/vc_row_inner][vc_row_inner][vc_column_inner width=&#8221;1\/2&#8243;][vc_column_text]<\/p>\n<p style=\"text-align: center;\"><strong>O SOM DO L\u00c1PIS A AFIAR <\/strong><\/p>\n<p style=\"text-align: center;\"><strong>seg 08 ago a sex 12 ago<\/strong><\/p>\n<p>[\/vc_column_text][vc_single_image image=&#8221;4827&#8243; img_size=&#8221;medium&#8221; alignment=&#8221;center&#8221;][vc_column_text]<\/p>\n<p style=\"text-align: justify;\">Artistas monitores: Eug\u00e9nia Mussa &amp; Daniel Vasconcelos Melim<\/p>\n<p style=\"text-align: justify;\">Se esta pintura tivesse um som, como era ? Ser\u00e1 que d\u00e1 para desenhar as coisas que a m\u00fasica tem?<\/p>\n<p>Normalmente achamos que pintura e m\u00fasica s\u00e3o dois mundos separados, mas nestas actividades descobrimos que estas duas artes passam a vida a falar uma com a outra e a dar ideias uma \u00e0 outra. Para quem adora m\u00fasica e desenhos e n\u00e3o consegue decidir de qual gostas mais.<\/p>\n<p>se esta pintura tivesse um som, como era ?<\/p>\n<p>[\/vc_column_text][\/vc_column_inner][vc_column_inner width=&#8221;1\/2&#8243;][vc_column_text]<\/p>\n<p style=\"text-align: center;\"><strong>FOTOGRAMAS &amp; JOGOS DE LUZ! <\/strong><\/p>\n<p style=\"text-align: center;\"><strong>seg 05 set a 09 sex<\/strong><\/p>\n<p>[\/vc_column_text][vc_single_image image=&#8221;4828&#8243; img_size=&#8221;medium&#8221; alignment=&#8221;center&#8221;][vc_column_text]Artistas monitores: Mariana Ramos<\/p>\n<p>J\u00e1 alguma vez entraste numa c\u00e2mara escura para fazer uma fotografia anal\u00f3gica? Sabias que antes das m\u00e1quinas digitais eram necess\u00e1rios pap\u00e9is e l\u00edquidos especiais para imprimirmos uma fotografia? Neste Atelier vamos fazer fotogramas, silhuetas de Luz, criar com objectos do teu dia a dia.[\/vc_column_text][\/vc_column_inner][\/vc_row_inner][\/vc_column][\/vc_row][vc_row][vc_column][vc_custom_heading text=&#8221;Concep\u00e7\u00e3o e Orienta\u00e7\u00e3o&#8221; font_container=&#8221;tag:h4|text_align:left&#8221; use_theme_fonts=&#8221;yes&#8221;][vc_separator color=&#8221;black&#8221;][vc_column_text]<\/p>\n<p style=\"text-align: justify;\"><strong>Ana de Almeida<\/strong><\/p>\n<p style=\"text-align: justify;\">Formada em Fotografia e Comunica\u00e7\u00e3o pela London College of Communication e em \u201cNew art\u201d, arte experimental a n\u00edvel fotogr\u00e1fico, pelo Chelsea College of Art&amp;Design, Londres. Trabalhou durante dois anos como professora de Arte e Educa\u00e7\u00e3o de minorias \u00e9tnicas da Clapham Manor Primary School em Londres. Orientou v\u00e1rias workshops de fotografia com crian\u00e7as e jovens, intitulados \u201clet\u2019s make pictures that you can play and feel with\u201c em v\u00e1rias escola e institui\u00e7\u00f5es em Londres. \u00c9 co-fundadora da Sociedade Lomogr\u00e1fica em Portugal, movimento art\u00edstico internacional de fotografia anal\u00f3gica, onde desenvolve v\u00e1rios projectos fotogr\u00e1ficos a n\u00edvel nacional e internacional como participante, formadora e produtora.<\/p>\n<p style=\"text-align: justify;\"><b>Beniko Tanaka<\/b><\/p>\n<p style=\"text-align: justify;\">Nascida a 1976 em T\u00f3quio, Jap\u00e3o, chegou a Portugal em 2005, com uma licenciatura em Artes Decorativas (Arts and Crafts), pela Universidade de Arte em TAMA \u2013\u00a0T\u00f3quio, assim como um diploma especializado em arte do vidro e um amor incondicional por todas as coisas relacionadas com luz e reflexos. Rapidamente se apaixonou pela luz de Lisboa,\u00a0decidindo ficar e completar a sua forma\u00e7\u00e3o com um curso avan\u00e7ado em Artes Pl\u00e1sticas no Ar.Co (Centro de Arte e Comunica\u00e7\u00e3o Visual).\u00a0Foi um passo natural combinar o conhecimento adquirido e sua grande paix\u00e3o por culturas orientais &#8211; tanto o lado art\u00edstico como o espiritual a fim de desenvolver diferentes formas de artes c\u00e9nicas, sempre inspirados na natureza e no seu interior e os fluxos de energia exteriores.<\/p>\n<p style=\"text-align: justify;\">Desde esse momento, Beniko Tanaka tem realizado in\u00fameras interven\u00e7\u00f5es, espect\u00e1culos e performances a solo e em colabora\u00e7\u00e3o com diversas institui\u00e7\u00f5es em It\u00e1lia, Jap\u00e3o e Portugal.<\/p>\n<div style=\"text-align: justify;\">\n<p style=\"text-align: justify;\"><a href=\"http:\/\/www.benikotanaka.com\/\" target=\"_blank\" rel=\"noopener noreferrer\">www.benikotanaka.com<\/a><\/p>\n<\/div>\n<p style=\"text-align: justify;\"><strong>Ingrid Fortez<\/strong><\/p>\n<p>Licenciada em Estudos Art\u00edsticos pela Faculdade de Letras (UL), variante de Artes de Espect\u00e1culo, frequenta a p\u00f3s-gradua\u00e7\u00e3o em Comunica\u00e7\u00e3o de Tend\u00eancias (FLUL); trabalha com m\u00fasica e poesia (com Dead Combo, Social Smokers, SirScratch, Cabace\u2026; como diseur para Mar de Letras e Um poema por Semana \u2013 RTP2\/\u00c1frica) teatro e performance (Direc\u00e7\u00e3o e Cria\u00e7\u00e3o de Vanessa, launch do grupo Griot Teatro, \u00e9 pupila em encena\u00e7\u00e3o de Rog\u00e9rio de Carvalho); produz profissionalmente eventos culturais ou de informa\u00e7\u00e3o cultural desde 2006 (para Sons da Lusofonia, Subfilmes\/SicNot\u00edcias e Internacional, Chapit\u00f4, Serralves, S\u00e3o Lu\u00edz, LeCool Magazine\u2026). Nos \u00faltimos 7 anos coordenou Atividades de Tempos Livres e Programas de F\u00e9rias com o Agrupamento Nuno Gon\u00e7alves e, mais recentemente, para o Col\u00e9gio Leonardo Da Vinci \u2013 Luanda- desenvolvendo um trabalho no \u00e2mbito da forma\u00e7\u00e3o e Express\u00e3o Musical, Inicia\u00e7\u00e3o \u00e0 Pr\u00e1tica Teatral e Performance, bem como, desenvolvendo atividades no \u00e2mbito da Educa\u00e7\u00e3o Ecol\u00f3gica e atividades em contexto de Biblioteca Escolar (coordenadora; organizadora de feiras de livros, tert\u00falias com autores de literatura infanto-juvenil, oficinas de Express\u00e3o Escrita\u2026).<\/p>\n<p><strong>Eug\u00e9nia Mussa<\/strong><\/p>\n<p>Eugenia MUSSA (Maputo, 1978) iniciou seus estudos em artes pl\u00e1sticas na City &amp; Islington College, em Londres, e licenciou-se em Pintura na Ar.Co, em 2009. No mesmo ano foi uma das finalistas do Pr\u00e9mio Anteciparte. Em 2010 recebeu uma Men\u00e7\u00e3o Honrosa na exposi\u00e7\u00e3o comemorativa do 25\u00ba anivers\u00e1rio do Banco de Mo\u00e7ambique.Na sua pratica arti\u0301stica podemos encontrar uma preocupac\u0327a\u0303o constante com o repensar a histo\u0301ria dos movimentos arti\u0301sticos da pintura. Atualmente, ela vive em Lisboa exibindo regularmente em v\u00e1rias galerias. Em 2013, ela teve uma exposi\u00e7\u00e3o individual no Espa\u00e7o Arte Tranquilidade, exibiu na Funda\u00e7\u00e3o Calouste Gulbenkian e na galeria Jo\u00e3o Esteves Oliveira, em Lisboa. As suas obras fazem parte de cole\u00e7\u00f5es particulares e institucionais.<\/p>\n<p><strong>Mariana Ramos<\/strong><\/p>\n<p>Nasceu em Lisboa, 1978. Mestre em Escultura pela FBAUL, 2012. Curso avan\u00e7ado da MauMaus, 2003. Exp\u00f5e regularmente desde 1999. Salienta-se o projecto desenvolvido no Hospital de Santa Maria em Lisboa, inserido no projecto Les ateliers d\u2019artistes \u00e0 l\u2019h\u00f4pital en Europe 2004 organizado por Art dans La Cit\u00e9, Uma vida de uma escultura, Galeria Carmina, Angra do Hero\u00edsmo, 2008. Em 2009 apresenta na sala Beb\u00e9 do espa\u00e7o avenida 211 (Lisboa) Pontua\u00e7\u00e3o a tr\u00eas cores prim\u00e1rias. Desenvolve trabalho educativo no \u00e2mbito das artes pl\u00e1sticas e cinema de anima\u00e7\u00e3o desde 1999. Trabalha no Servi\u00e7o Educativo do Museu Colec\u00e7\u00e3o Berardo desde 2011, e no do Atelier-Museu J\u00falio Pomar desde Abril de 2013. Colabora no Centro de Forma\u00e7\u00e3o Art\u00edstica do Teatro da Voz desde a sua cria\u00e7\u00e3o em 2013.<\/p>\n<p><strong>Susana An\u00e1gua<\/strong><\/p>\n<p style=\"text-align: justify;\">N. (1976) Vive e trabalha em Lisboa e Rio de Janeiro.\u00a0Doutoranda de Processos Art\u00edsticos Contempor\u00e2neos da UERJ-Rio de Janeiro e Mestrado em Digital Arts pela Universidade de Artes de Londres (Camberwell College of Arts).\u00a0Licenciatura em Artes Pl\u00e1sticas na Escola Superior de Artes e Design (ESAD) das Caldas da Rainha, onde tamb\u00e9m lecciona desde 2009.<\/p>\n<p>Das exposi\u00e7\u00f5es individuais destacam-se, em 2012, \u201cOlhar Radar\u201d , Rio Janeiro ou em 2008, \u201cDesnorte\/ Northless\u201d, sala de projectos do Centro de Arte Moderna da Funda\u00e7\u00e3o Calouste Gulbenkian, Lisboa. Instala\u00e7\u00f5es de interven\u00e7\u00e3o p\u00fablica tais como, em 2010 \u201cCarris Arte em Movimento\u201d, projecto instala\u00e7\u00e3o no Ascensor da Gl\u00f3ria, Lisboa e o projecto realizado no \u00e2mbito da comemora\u00e7\u00e3o da elei\u00e7\u00e3o das \u201c7 Maravilhas de Portugal\u201d, Mosteiro da Batalha, em 2008. Das resid\u00eancias art\u00edsticas e bienais destacam-se, em 2013, \u201cViagens Invis\u00edveis\u201d, com o apoio da DGARTES para a Bienal de S\u00e3o Tom\u00e9 e Pr\u00edncipe, coordena\u00e7\u00e3o art\u00edstica da resid\u00eancia internacional \u201cOFFLINE\u201d, na LARGO resid\u00eancias em Lisboa e a participa\u00e7\u00e3o em \u201cTransient\u201d \u2013 \u201cEntre \u00e1lbuns e arquivos\u201d \u2013 \u201cXerem e Triangle Networks\u201d \u2013 em 2012 \u2013 \u201cLargo Resid\u00eancias\u201d \u2013 Lisboa.<br \/>\nDas exposi\u00e7\u00f5es colectivas salientam-se em 2012, \u201cLinkFest\u201d, Irlanda, \u201cArround A Volta\u201d, Marselha, em 2005, \u201cSete artistas ao d\u00e9cimo m\u00eas\u201d, Funda\u00e7\u00e3o Calouste Gulbenkian, Lisboa; \u201cE=mc2\u201d, Museu Nacional da Ci\u00eancia e da T\u00e9cnica, Coimbra; \u201cAntecipArte 2005\u201d, Estufa Fria, Lisboa; em 2004 \u201cPr\u00e9mio City Desk\u201d, Centro Cultural de Cascais, Cascais; em 2005 \u201cMovimentos perp\u00e9tuos, Arte para Carlos Paredes\u201d,<br \/>\nCordoaria Nacional em Lisboa entre outras.<\/p>\n<p>\u00c9 artista representada pela Galeria Graphos, no Brasil, Rio de Janeiro.<\/p>\n<p style=\"text-align: justify;\"><strong>Daniel Vasconcelos Melim<\/strong><\/p>\n<p>Daniel Vasconcelos Melim \u00e9 um artista que desenvolve trabalho individual e comunit\u00e1rio. Vive e trabalha em Lisboa. Formado em Pintura pela Faculdade de Belas-Artes da Universidade de Lisboa (2006) e em Applied Anthropology and Community and Youth Work (MA) pelo Goldsmiths College (Londres, 2016). Finalista do Pr\u00e9mio EDP Novos Artistas 2007, venceu o Pr\u00e9mio Fidelidade Mundial Jovens Pintores em 2011 e foi semi-finalista do projecto mundial 100 Painters of Tomorrow (Thames &amp; Hudson, 2014). Desde 2006, j\u00e1 exp\u00f4s individualmente ou desenvolveu projectos em Portugal, Espanha, Brasil, Reino Unido e Alemanha. Interessa-se pela dimens\u00f5es afectivas, hist\u00f3ricas, colectivas, pol\u00edticas, ecol\u00f3gicas e espirituais da cria\u00e7\u00e3o.<br \/>\nDurante v\u00e1rios anos foi colaborador do Servi\u00e7o Educativo do Centro de Arte Moderna da Funda\u00e7\u00e3o da Calouste Gulbenkian, assim como leccionou nas escolas Arte Ilimitada e Nextart, em Lisboa.<\/p>\n<p>[\/vc_column_text][\/vc_column][\/vc_row]<\/p>\n<\/div>","protected":false},"excerpt":{"rendered":"<p>July 11th to September 9th 2016<\/p>\n","protected":false},"author":8,"featured_media":4758,"comment_status":"closed","ping_status":"closed","sticky":false,"template":"","format":"standard","meta":{"footnotes":""},"categories":[159,165],"tags":[244,286],"class_list":["post-4767","post","type-post","status-publish","format-standard","has-post-thumbnail","hentry","category-mini-hangar-en","category-news","tag-2016-en","tag-previous"],"_links":{"self":[{"href":"https:\/\/hangar.com.pt\/en\/wp-json\/wp\/v2\/posts\/4767","targetHints":{"allow":["GET"]}}],"collection":[{"href":"https:\/\/hangar.com.pt\/en\/wp-json\/wp\/v2\/posts"}],"about":[{"href":"https:\/\/hangar.com.pt\/en\/wp-json\/wp\/v2\/types\/post"}],"author":[{"embeddable":true,"href":"https:\/\/hangar.com.pt\/en\/wp-json\/wp\/v2\/users\/8"}],"replies":[{"embeddable":true,"href":"https:\/\/hangar.com.pt\/en\/wp-json\/wp\/v2\/comments?post=4767"}],"version-history":[{"count":1,"href":"https:\/\/hangar.com.pt\/en\/wp-json\/wp\/v2\/posts\/4767\/revisions"}],"predecessor-version":[{"id":21067,"href":"https:\/\/hangar.com.pt\/en\/wp-json\/wp\/v2\/posts\/4767\/revisions\/21067"}],"wp:featuredmedia":[{"embeddable":true,"href":"https:\/\/hangar.com.pt\/en\/wp-json\/wp\/v2\/media\/4758"}],"wp:attachment":[{"href":"https:\/\/hangar.com.pt\/en\/wp-json\/wp\/v2\/media?parent=4767"}],"wp:term":[{"taxonomy":"category","embeddable":true,"href":"https:\/\/hangar.com.pt\/en\/wp-json\/wp\/v2\/categories?post=4767"},{"taxonomy":"post_tag","embeddable":true,"href":"https:\/\/hangar.com.pt\/en\/wp-json\/wp\/v2\/tags?post=4767"}],"curies":[{"name":"wp","href":"https:\/\/api.w.org\/{rel}","templated":true}]}}