{"id":28170,"date":"2025-11-09T20:46:20","date_gmt":"2025-11-09T20:46:20","guid":{"rendered":"https:\/\/hangar.com.pt\/?p=28170"},"modified":"2025-11-14T18:10:11","modified_gmt":"2025-11-14T18:10:11","slug":"artistas-sul-americanas-expoem-correntes-de-restituicao-abolir-o-museu-no-hangar","status":"publish","type":"post","link":"https:\/\/hangar.com.pt\/en\/artistas-sul-americanas-expoem-correntes-de-restituicao-abolir-o-museu-no-hangar\/","title":{"rendered":"Artistas sul-americanas exp\u00f5em Correntes de Restitui\u00e7\u00e3o: Abolir o Museu no Hangar"},"content":{"rendered":"<div class=\"wpb-content-wrapper\"><p>[vc_row][vc_column width=&#8221;1\/2&#8243; icons_position=&#8221;left&#8221;][vc_column_text css=&#8221;&#8221;]<strong>Artistas sul-americanas exp\u00f5em Correntes de Restitui\u00e7\u00e3o: Abolir o Museu no Hangar<\/strong><\/p>\n<p>November 24th, 2025, 6 PM \u2014 Workshop <em>Escutar R\u00e9plicas<\/em> with Pamela Cevallos<\/p>\n<p>November 27th, 2025, 5 PM \u2014 Conversation with Pamela Cevallos and historian Malena Bedoya, moderated by Ana Salazar Herrera<\/p>\n<p>November 27th, 2025, 6 PM to 9 PM &#8211; Exhibition Opening<\/p>\n<p><strong>This exhibition will be on view at Hangar until January 31, 2026.<br \/>\nAdmission is free.<\/strong><\/p>\n<p>Rua Damasceno Monteiro, 12<\/p>\n<p>1170-112 Lisbon<\/p>\n<p>Wednesday to Saturday | 3 PM \u2013 7 PM[\/vc_column_text][\/vc_column][vc_column width=&#8221;1\/2&#8243; icons_position=&#8221;left&#8221;][vc_single_image image=&#8221;28171&#8243; img_size=&#8221;full&#8221; onclick=&#8221;link_image&#8221; css_animation=&#8221;none&#8221; css=&#8221;&#8221;][vc_column_text css=&#8221;&#8221;]Still from the film C\u00f3mo liberar un p\u00e1jaro, 2025. \u00a9 Pamela Cevallos[\/vc_column_text][\/vc_column][\/vc_row][vc_row][vc_column icons_position=&#8221;left&#8221;][vc_separator][vc_column_text css=&#8221;&#8221;]Opening on November 27 at Hangar \u2013 Center for Artistic Research, Currents of Restitution: Abolish the Museum is a group exhibition bringing together three South American artists \u2014 Pamela Cevallos, Sandra Gamarra, and Astrid Gonz\u00e1lez \u2014 whose practices propose imaginative methodologies of resistance and symbolic, spiritual, and discursive restitution.<\/p>\n<p>Inspired by the thought of theorist and activist Fran\u00e7oise Verg\u00e8s, the exhibition begins with the premise that \u201cEuropean museums are repositories of looting\u201d and questions the possibility of decolonizing institutions born of dispossession and violence. The works on view confront the colonial narratives that underpin European archaeological and ethnographic collections, opening pathways to rethink forms of restitution and the reappropriation of collective memory.<\/p>\n<p>The exhibition includes works by Pamela Cevallos (1984, Quito), visual artist and anthropologist, who in C\u00f3mo liberar un p\u00e1jaro proposes a symbolic restitution of pre-Hispanic ceramic instruments, restoring their breath and voice through collaborative practices; Sandra Gamarra (1972, Lima), who critically explores art history and museological systems, exposing the racial and epistemological hierarchies that sustain Western collections. Her works Cuando las papas queman and Exhibitor I &amp; II confront the colonial gaze and reimagine the museum as a space of resistance; and Astrid Gonz\u00e1lez (1994, Medell\u00edn), a multidisciplinary artist intertwining Afro-descendant spirituality and institutional critique, presents Sahumado, a video on purification rituals and symbolic repatriation, summoning silenced artifacts to return home.<\/p>\n<p>Curated by Ana Salazar Herrera, an Ecuadorian-Portuguese curator and founder of the Museum for the Displaced, who was co-curator of the 2024 Diriyah Contemporary Art Biennale in Saudi Arabia. Between 2022 and 2023, she served as interim curator at the Ludwig Forum Aachen and, from 2016 to 2020, was assistant curator at the NTU Centre for Contemporary Art Singapore. She holds an MA in Curatorial Practice from the School of Visual Arts, New York, and a BA in Piano from the Lisbon Superior School of Music.[\/vc_column_text][\/vc_column][\/vc_row][vc_row][vc_column icons_position=&#8221;left&#8221;][vc_separator][vc_column_text css=&#8221;&#8221;]<strong>Pamela Cevallos<\/strong> (1984, Quito) is a visual artist, anthropologist, and curator whose practice bridges contemporary art and ethnographic research. Her work examines tensions between institutional frameworks of heritage and community forms of reappropriation. Since 2015, she has collaborated with the community of La Pila (Manab\u00ed, Ecuador), valuing pre-Hispanic ceramic replicas as critical tools to question authenticity and activate alternative relationships with the past. Through installations, painting, and collaborative projects, Cevallos explores the social life of objects and the politics of archives. She has exhibited at the 22nd Bienal Sesc_Videobrasil (S\u00e3o Paulo, 2023) and the 15th and 14th Cuenca Biennials (2021, 2019), and has received the Paris Prize (2023) and the Mariano Aguilera Prize (2017). She has held residencies at the Delfina Foundation (London), Cit\u00e9 Internationale des Arts (Paris), and MeetFactory (Prague). She currently teaches at the Pontifical Catholic University of Ecuador.[\/vc_column_text][vc_column_text css=&#8221;&#8221;]<strong>Sandra Gamarra<\/strong> (1972, Lima; lives in Madrid) is a multidisciplinary artist whose practice\u2014encompassing painting, sculpture, video, and installation\u2014critically revisits art history and museological structures. Her work interrogates the construction of modernity and the colonial legacies embedded in Western museum collections. Employing archival methodologies and strategies of appropriation, she reinterprets institutional imagery to reveal the persistence of racialized and extractivist narratives. Gamarra represented Spain at the 2024 Venice Biennale with the project Pinacoteca Migrante (2023\u201324), which confronts colonial representation in European art collections. She has exhibited internationally at institutions such as Casa de Am\u00e9rica (Madrid, 2003), Artium Museum (Vitoria, 2014), the Bass Museum (Florida, 2011), and at the Biennials of Montevideo (2016), Cuenca (2011), and S\u00e3o Paulo (2010).[\/vc_column_text][vc_column_text css=&#8221;&#8221;]<strong>Astrid Gonz\u00e1lez<\/strong> (1994, Medell\u00edn) is a multidisciplinary artist working with video, photography, and sculpture, addressing Afro-descendant histories across the Americas. Her practice investigates the colonial roots of representation, the politics of visibility, and processes of resistance and cultural hybridity. A graduate of the Fundaci\u00f3n Universitaria Bellas Artes (Medell\u00edn, with distinction), she also earned a Certificate in Afro-Latin American Studies from Harvard University. Gonz\u00e1lez has exhibited in Brazil, Chile, Peru, Angola, Portugal, and Colombia, with recent shows at the Museum of Memory and Human Rights (Santiago, Chile), the Museum of Modern Art of Medell\u00edn, and the Museum of Antioquia. Her distinctions include the Eyebeam Fellowship \u201cThe Democracy Machine: Artists and Self-Governance in the Digital Age\u201d (New York, 2023) and the New Talents in Colombian Art Award. Her work revisits hegemonic history through Afro-diasporic lenses, reclaiming the body as a space of memory, struggle, and ancestral pride.[\/vc_column_text][\/vc_column][\/vc_row]<\/p>\n<\/div>","protected":false},"excerpt":{"rendered":"<p>November 24th 2025 &#8211; January 31st 2026<\/p>\n","protected":false},"author":14,"featured_media":28172,"comment_status":"closed","ping_status":"closed","sticky":false,"template":"","format":"standard","meta":{"footnotes":""},"categories":[171,165],"tags":[262,275,197],"class_list":["post-28170","post","type-post","status-publish","format-standard","has-post-thumbnail","hentry","category-exhibitions","category-news","tag-2025-en","tag-2026-en","tag-anterior"],"_links":{"self":[{"href":"https:\/\/hangar.com.pt\/en\/wp-json\/wp\/v2\/posts\/28170","targetHints":{"allow":["GET"]}}],"collection":[{"href":"https:\/\/hangar.com.pt\/en\/wp-json\/wp\/v2\/posts"}],"about":[{"href":"https:\/\/hangar.com.pt\/en\/wp-json\/wp\/v2\/types\/post"}],"author":[{"embeddable":true,"href":"https:\/\/hangar.com.pt\/en\/wp-json\/wp\/v2\/users\/14"}],"replies":[{"embeddable":true,"href":"https:\/\/hangar.com.pt\/en\/wp-json\/wp\/v2\/comments?post=28170"}],"version-history":[{"count":5,"href":"https:\/\/hangar.com.pt\/en\/wp-json\/wp\/v2\/posts\/28170\/revisions"}],"predecessor-version":[{"id":28203,"href":"https:\/\/hangar.com.pt\/en\/wp-json\/wp\/v2\/posts\/28170\/revisions\/28203"}],"wp:featuredmedia":[{"embeddable":true,"href":"https:\/\/hangar.com.pt\/en\/wp-json\/wp\/v2\/media\/28172"}],"wp:attachment":[{"href":"https:\/\/hangar.com.pt\/en\/wp-json\/wp\/v2\/media?parent=28170"}],"wp:term":[{"taxonomy":"category","embeddable":true,"href":"https:\/\/hangar.com.pt\/en\/wp-json\/wp\/v2\/categories?post=28170"},{"taxonomy":"post_tag","embeddable":true,"href":"https:\/\/hangar.com.pt\/en\/wp-json\/wp\/v2\/tags?post=28170"}],"curies":[{"name":"wp","href":"https:\/\/api.w.org\/{rel}","templated":true}]}}