{"id":23253,"date":"2023-05-14T09:37:01","date_gmt":"2023-05-14T08:37:01","guid":{"rendered":"https:\/\/hangar.com.pt\/?p=23253"},"modified":"2023-05-14T09:37:01","modified_gmt":"2023-05-14T08:37:01","slug":"inquietudes-conversa-sobre-heranca-colonial","status":"publish","type":"post","link":"https:\/\/hangar.com.pt\/en\/inquietudes-conversa-sobre-heranca-colonial\/","title":{"rendered":"Inquietudes \u2013 conversa sobre heran\u00e7a colonial"},"content":{"rendered":"<div class=\"wpb-content-wrapper\"><p>[vc_row][vc_column][vc_empty_space height=&#8221;5px&#8221;][vc_separator color=&#8221;black&#8221;][\/vc_column][\/vc_row][vc_row][vc_column width=&#8221;1\/2&#8243;][vc_column_text]<strong>Inquietudes \u2013 conversa sobre heran\u00e7a colonial<\/strong><\/p>\n<p>Programa:<\/p>\n<p>18.30 \u2013 Boas-vindas e Introdu\u00e7\u00e3o: Paulo Moreira (INSTITUTO)<\/p>\n<p>18.45 \u2013 Isabel Stein (InsterStuct Collective)<\/p>\n<p>19.00 \u2013 Cl\u00e1udia Henriques (Associa\u00e7\u00e3o Luso-Africana Pontos nos is)<\/p>\n<p>19.15 \u2013 Nuno Coelho (Univ Coimbra, CEIS20; Rampa)<\/p>\n<p>19.30 \u2013 Debate com participantes e p\u00fablico<\/p>\n<p>20.30 \u2013 Jantar volante e conv\u00edvio<\/p>\n<p>22.00 \u2013 Fim[\/vc_column_text][\/vc_column][vc_column width=&#8221;1\/2&#8243;][vc_single_image image=&#8221;23254&#8243; img_size=&#8221;full&#8221;][vc_empty_space][\/vc_column][\/vc_row][vc_row][vc_column][vc_separator][vc_column_text]Desde 2020, um grupo de entidades e coletivos do Porto tem vindo a desenvolver uma s\u00e9rie de projetos colaborativos sobre a heran\u00e7a colonial nos seus contextos pr\u00f3ximo e distante. Essas iniciativas t\u00eam permitido construir uma reflex\u00e3o ampla sobre os efeitos desses legados na sociedade atual, aos n\u00edveis social, pol\u00edtico e urbano. Este evento pretende apresentar os processos, resultados e desdobramentos deste trabalho, e cruzar essas experi\u00eancias com indiv\u00edduos e grupos envolvidos nas lutas particulares do contexto lisboeta.<\/p>\n<p>Em plena pandemia, dedic\u00e1mo-nos a desvendar, pensar e questionar os vest\u00edgios \u2013 materiais e imateriais \u2013 do passado colonial e suas manifesta\u00e7\u00f5es nas nossas cidades: desde os monumentos e espa\u00e7o p\u00fablico, at\u00e9 aos valores culturais e hist\u00f3ricos. Ouviram-se testemunhos de v\u00e1rias disciplinas, e a partir de diferentes geografias. O ciclo de debates \u201cP\u00f3s-Amn\u00e9sia \u2013 Desvendando Manifesta\u00e7\u00f5es Coloniais\u201d, pensado em 2020 e realizado em 2021, ganhou vida e inspirou novas iniciativas: publica\u00e7\u00e3o, programa p\u00fablico, oficina, projetos de cria\u00e7\u00e3o art\u00edstica. Alian\u00e7as e cumplicidades levaram ao projeto \u201cThisPlace\u201d, realizado entre 2021 e 2022, uma reflex\u00e3o sobre comunidades deslocadas, discriminadas ou marginalizadas por motivos \u00e9tnicos, raciais, culturais ou pol\u00edticos em Portugal, Ucr\u00e2nia e Turquia.[\/vc_column_text][vc_empty_space][\/vc_column][\/vc_row][vc_row][vc_column][vc_separator][vc_column_text]Inquietudes \u2013 conversa sobre heran\u00e7a colonial \u00e9 organizado pelo INSTITUTO, espa\u00e7o cultural do Porto, e conta com a participa\u00e7\u00e3o de membros das entidades parceiras no \u201cPorto Hub\u201d do programa VAHA &#8211; InterStruct Collective e Rampa. Indiv\u00edduos, grupos e entidades atuando na \u00e1rea metropolitana de Lisboa, est\u00e3o convidados para contribuir para esta discuss\u00e3o t\u00e3o urgente como necess\u00e1ria. A sess\u00e3o \u00e9 aberta e gratu\u00edta, e inclui refrescos e jantar volante.<\/p>\n<p>O evento decorre no \u00e2mbito do VAHA, uma iniciativa da Anadolu K\u00fclt\u00fcr e MitOst, financiada pela Stiftung Mercator e pela European Cultural Foundation. O programa VAHA (que significa \u201co\u00e1sis\u201d em turco) teve a dura\u00e7\u00e3o de dois anos e visou empoderar espa\u00e7os art\u00edsticos e culturais independentes, defendendo a discuss\u00e3o p\u00fablica e o di\u00e1logo em cidades da Turquia, da Europa e de pa\u00edses vizinhos. O cons\u00f3rcio de parceiros VAHA encontra-se em colabora\u00e7\u00e3o com o iac Berlin na implementa\u00e7\u00e3o de uma s\u00e9rie de workshops tem\u00e1ticos e reuni\u00f5es de rede. A Funda\u00e7\u00e3o Chrest apoiou as despesas relacionadas a viagens.<\/p>\n<p>Fotos: <a href=\"https:\/\/oinstituto.pt\/pt\/\">oinstituto.pt<\/a><\/p>\n<p>Redes sociais: @oinstituto.pt @insterstruct.collective @rampaporto @vahahubs @mitost_ev @europeanculturalfoundation @anadolukultur_[\/vc_column_text][vc_empty_space][\/vc_column][\/vc_row][vc_row][vc_column][vc_masonry_media_grid grid_id=&#8221;vc_gid:1684052996960-1424ec24-032d-10&#8243; include=&#8221;23254,23256,23266,23264,23262,23260,23258&#8243;][vc_empty_space][\/vc_column][\/vc_row]<\/p>\n<\/div>","protected":false},"excerpt":{"rendered":"<p>May 12th 2023<\/p>\n","protected":false},"author":14,"featured_media":23255,"comment_status":"closed","ping_status":"closed","sticky":false,"template":"","format":"standard","meta":{"footnotes":""},"categories":[165],"tags":[253,286],"class_list":["post-23253","post","type-post","status-publish","format-standard","has-post-thumbnail","hentry","category-news","tag-2023-en","tag-previous"],"_links":{"self":[{"href":"https:\/\/hangar.com.pt\/en\/wp-json\/wp\/v2\/posts\/23253","targetHints":{"allow":["GET"]}}],"collection":[{"href":"https:\/\/hangar.com.pt\/en\/wp-json\/wp\/v2\/posts"}],"about":[{"href":"https:\/\/hangar.com.pt\/en\/wp-json\/wp\/v2\/types\/post"}],"author":[{"embeddable":true,"href":"https:\/\/hangar.com.pt\/en\/wp-json\/wp\/v2\/users\/14"}],"replies":[{"embeddable":true,"href":"https:\/\/hangar.com.pt\/en\/wp-json\/wp\/v2\/comments?post=23253"}],"version-history":[{"count":2,"href":"https:\/\/hangar.com.pt\/en\/wp-json\/wp\/v2\/posts\/23253\/revisions"}],"predecessor-version":[{"id":23270,"href":"https:\/\/hangar.com.pt\/en\/wp-json\/wp\/v2\/posts\/23253\/revisions\/23270"}],"wp:featuredmedia":[{"embeddable":true,"href":"https:\/\/hangar.com.pt\/en\/wp-json\/wp\/v2\/media\/23255"}],"wp:attachment":[{"href":"https:\/\/hangar.com.pt\/en\/wp-json\/wp\/v2\/media?parent=23253"}],"wp:term":[{"taxonomy":"category","embeddable":true,"href":"https:\/\/hangar.com.pt\/en\/wp-json\/wp\/v2\/categories?post=23253"},{"taxonomy":"post_tag","embeddable":true,"href":"https:\/\/hangar.com.pt\/en\/wp-json\/wp\/v2\/tags?post=23253"}],"curies":[{"name":"wp","href":"https:\/\/api.w.org\/{rel}","templated":true}]}}