{"id":22732,"date":"2023-01-29T17:42:31","date_gmt":"2023-01-29T17:42:31","guid":{"rendered":"https:\/\/hangar.com.pt\/?p=22732"},"modified":"2023-01-29T17:42:31","modified_gmt":"2023-01-29T17:42:31","slug":"art-club-atelier-de-fotografia-e-video","status":"publish","type":"post","link":"https:\/\/hangar.com.pt\/en\/art-club-atelier-de-fotografia-e-video\/","title":{"rendered":"ART CLUB | Atelier de Fotografia e V\u00eddeo"},"content":{"rendered":"<div class=\"wpb-content-wrapper\"><p>[vc_row][vc_column][vc_empty_space height=&#8221;5px&#8221;][vc_separator color=&#8221;black&#8221;][\/vc_column][\/vc_row][vc_row][vc_column width=&#8221;1\/2&#8243;][vc_column_text]<strong>Artista\/Educadora:<\/strong> Ma\u00edra Zenun<\/p>\n<p><strong>Idades:<\/strong> 6 aos 12 anos<\/p>\n<p><strong>Data:<\/strong> 04, 11, 18 e 25 de Fevereiro de 2023<\/p>\n<p><strong>Hor\u00e1rio:<\/strong> 11:00 &#8211; 13:00<\/p>\n<p><strong>Localiza\u00e7\u00e3o:<\/strong> R. Damasceno Monteiro, 12, 1170-112 Lisboa<\/p>\n<p><strong>Pre\u00e7o:<\/strong> 45\u20ac mensalmente ou 12\u20ac por sess\u00e3o<\/p>\n<p>Para mais informa\u00e7\u00f5es e inscri\u00e7\u00e3o: <a href=\"mailto:hangarcia.education@gmail.com\">hangarcia.education@gmail.com<\/a>[\/vc_column_text][\/vc_column][vc_column width=&#8221;1\/2&#8243;][vc_single_image image=&#8221;22733&#8243; img_size=&#8221;full&#8221; css=&#8221;.vc_custom_1675013752151{margin-bottom: -25px !important;}&#8221;][vc_empty_space height=&#8221;100px&#8221;][\/vc_column][\/vc_row][vc_row][vc_column][vc_custom_heading text=&#8221;DETALHES&#8221; font_container=&#8221;tag:h4|text_align:left&#8221; use_theme_fonts=&#8221;yes&#8221;][vc_separator color=&#8221;black&#8221;][vc_column_text]<strong>T\u00edtulo<\/strong> |<br \/>\nQuantas imagens cabem dentro de n\u00f3s?<\/p>\n<p><strong>Sinopse<\/strong> |<br \/>\nUm conto que \u00e9 mais que um ponto, uma linha que \u00e9 uma estrada e ao longe uma cidade. Dentro de mim&#8230;uma paisagem. O meu autorretrato em mil fragmentos, sobreposi\u00e7\u00f5es e materiais.<br \/>\nNeste atelier com a artista e realizadora Ma\u00edra Zenun, iremos conceber e produzir as nossas pr\u00f3prias imagens-hist\u00f3rias a partir de fotografias e v\u00eddeos e assim criarmos os nossos desejos de futuro. [\/vc_column_text][vc_empty_space height=&#8221;100px&#8221;][\/vc_column][\/vc_row]<\/p>\n<\/div>","protected":false},"excerpt":{"rendered":"<p>February 4th, 11th, 18th and 25th 2023<\/p>\n","protected":false},"author":14,"featured_media":22734,"comment_status":"closed","ping_status":"closed","sticky":false,"template":"","format":"standard","meta":{"footnotes":""},"categories":[159,165],"tags":[253,286],"class_list":["post-22732","post","type-post","status-publish","format-standard","has-post-thumbnail","hentry","category-mini-hangar-en","category-news","tag-2023-en","tag-previous"],"_links":{"self":[{"href":"https:\/\/hangar.com.pt\/en\/wp-json\/wp\/v2\/posts\/22732","targetHints":{"allow":["GET"]}}],"collection":[{"href":"https:\/\/hangar.com.pt\/en\/wp-json\/wp\/v2\/posts"}],"about":[{"href":"https:\/\/hangar.com.pt\/en\/wp-json\/wp\/v2\/types\/post"}],"author":[{"embeddable":true,"href":"https:\/\/hangar.com.pt\/en\/wp-json\/wp\/v2\/users\/14"}],"replies":[{"embeddable":true,"href":"https:\/\/hangar.com.pt\/en\/wp-json\/wp\/v2\/comments?post=22732"}],"version-history":[{"count":2,"href":"https:\/\/hangar.com.pt\/en\/wp-json\/wp\/v2\/posts\/22732\/revisions"}],"predecessor-version":[{"id":22737,"href":"https:\/\/hangar.com.pt\/en\/wp-json\/wp\/v2\/posts\/22732\/revisions\/22737"}],"wp:featuredmedia":[{"embeddable":true,"href":"https:\/\/hangar.com.pt\/en\/wp-json\/wp\/v2\/media\/22734"}],"wp:attachment":[{"href":"https:\/\/hangar.com.pt\/en\/wp-json\/wp\/v2\/media?parent=22732"}],"wp:term":[{"taxonomy":"category","embeddable":true,"href":"https:\/\/hangar.com.pt\/en\/wp-json\/wp\/v2\/categories?post=22732"},{"taxonomy":"post_tag","embeddable":true,"href":"https:\/\/hangar.com.pt\/en\/wp-json\/wp\/v2\/tags?post=22732"}],"curies":[{"name":"wp","href":"https:\/\/api.w.org\/{rel}","templated":true}]}}