{"id":21908,"date":"2022-09-18T11:39:19","date_gmt":"2022-09-18T10:39:19","guid":{"rendered":"https:\/\/hangar.com.pt\/?p=21908"},"modified":"2022-10-02T11:37:33","modified_gmt":"2022-10-02T10:37:33","slug":"art-club-com-ariana-furtado-e-venancio-calisto","status":"publish","type":"post","link":"https:\/\/hangar.com.pt\/en\/art-club-com-ariana-furtado-e-venancio-calisto\/","title":{"rendered":"ART CLUB | Com Ariana Furtado e Ven\u00e2ncio Calisto"},"content":{"rendered":"<div class=\"wpb-content-wrapper\"><p>[vc_row][vc_column][vc_empty_space height=&#8221;5px&#8221;][vc_separator color=&#8221;black&#8221;][\/vc_column][\/vc_row][vc_row][vc_column width=&#8221;1\/2&#8243;][vc_column_text]<b>T\u00edtulo<\/b>\u00a0|\u00a0O Colar M\u00e1gico<br \/>\natelier-conto-leitura-<wbr \/>constru\u00e7\u00e3oO pr\u00f3ximo ART CLUB que ir\u00e1 acontecer j\u00e1 este s\u00e1bado com a Ariana Furtado e o Ven\u00e2ncio Calisto, vai ser muito muito especial e para toda a fam\u00edlia!<\/p>\n<p><b>Idades:<\/b>\u00a0Para toda a fam\u00edlia, a partir dos 4 anos<br \/>\n<b>Data:<\/b>\u00a017 de setembro<br \/>\n<b>Hor\u00e1rio:<\/b>\u00a011:00 &#8211; 13:00<\/p>\n<p><b>Para mais informa\u00e7\u00f5es, pre\u00e7os e inscri\u00e7\u00e3o:<\/b>\u00a0<a href=\"mailto:hangarcia.education@gmail.com\" target=\"_blank\" rel=\"noopener noreferrer\">hangarcia.<wbr \/>education@gmail.com<\/a>*<\/p>\n<p>O MINI-HANGAR e a Livraria Baob\u00e1 numa parceria que agora se inicia e, que esperemos que d\u00ea muitos e coloridos frutos, ter\u00e3o \u00e0 venda o livro O Colar M\u00e1gico de Souleymane Mbodj e Magali Attiogb\u00e9<\/p>\n<p><b>Localiza\u00e7\u00e3o:<\/b>\u00a0R. Damasceno Monteiro, 12, 1170-112 Lisboa[\/vc_column_text][\/vc_column][vc_column width=&#8221;1\/2&#8243;][vc_single_image image=&#8221;21909&#8243; img_size=&#8221;full&#8221; css=&#8221;.vc_custom_1663497409239{margin-bottom: -25px !important;}&#8221;][vc_column_text]\u00a9 Madalena Costa[\/vc_column_text][\/vc_column][\/vc_row][vc_row][vc_column][vc_custom_heading text=&#8221;DETALHES&#8221; font_container=&#8221;tag:h4|text_align:left&#8221; use_theme_fonts=&#8221;yes&#8221;][vc_separator color=&#8221;black&#8221;][vc_column_text]H\u00e1 muito, muito tempo, quando os homens e os animais falavam a mesma l\u00edngua, e se entendiam, viveu um feiticeiro chamado Karamoko. O boato, segundo o qual ele sabia fazer um colar m\u00e1gico que tornava os animais invenc\u00edveis, espalhou-se como um caminho de p\u00f3 na savana, no mato e na floresta.<br \/>\nNeste atelier vamos construir um Colar M\u00e1gico que, a partir das nossas singularidades e diferen\u00e7as, nos una e nos torne indestrut\u00edveis.[\/vc_column_text][vc_empty_space][\/vc_column][\/vc_row][vc_row][vc_column][vc_custom_heading text=&#8221;BIOGRAFIAS&#8221; font_container=&#8221;tag:h4|text_align:left&#8221; use_theme_fonts=&#8221;yes&#8221;][vc_separator color=&#8221;black&#8221;][vc_column_text]<strong>Ariana Furtado<\/strong>, professora do 1.\u00ba Ciclo e coordenadora da Escola B\u00e1sica do Castelo em Lisboa,<br \/>\nTradutora dos livros para a inf\u00e2ncia: \u201cO Senhor da Dan\u00e7a\u201d e \u201cO Gr\u00e3o de Milho M\u00e1gico\u201d de V\u00e9ronique Tadjo, \u201cO Colar M\u00e1gico\u201d de Souleymane Mbodj.[\/vc_column_text][vc_column_text]<strong>VEN\u00c2NCIO CALISTO<\/strong> \u00e9 actor, encenador e dramaturgo de nacionalidade mo\u00e7ambicana. Mestre em Teatro, especializa\u00e7\u00e3o em Teatro e Comunidade pela ESTC-IPL. Em Portugal trabalha como dramaturgo e artista pedagogo no projecto Teatro ao Telefone, desenvolvido pelas companhias Teatro Umano e Teatro de Identidades[\/vc_column_text][vc_empty_space][\/vc_column][\/vc_row]<\/p>\n<\/div>","protected":false},"excerpt":{"rendered":"<p>September 17th 2022<\/p>\n","protected":false},"author":14,"featured_media":21910,"comment_status":"closed","ping_status":"closed","sticky":false,"template":"","format":"standard","meta":{"footnotes":""},"categories":[159,165],"tags":[238,286],"class_list":["post-21908","post","type-post","status-publish","format-standard","has-post-thumbnail","hentry","category-mini-hangar-en","category-news","tag-2022-en","tag-previous"],"_links":{"self":[{"href":"https:\/\/hangar.com.pt\/en\/wp-json\/wp\/v2\/posts\/21908","targetHints":{"allow":["GET"]}}],"collection":[{"href":"https:\/\/hangar.com.pt\/en\/wp-json\/wp\/v2\/posts"}],"about":[{"href":"https:\/\/hangar.com.pt\/en\/wp-json\/wp\/v2\/types\/post"}],"author":[{"embeddable":true,"href":"https:\/\/hangar.com.pt\/en\/wp-json\/wp\/v2\/users\/14"}],"replies":[{"embeddable":true,"href":"https:\/\/hangar.com.pt\/en\/wp-json\/wp\/v2\/comments?post=21908"}],"version-history":[{"count":4,"href":"https:\/\/hangar.com.pt\/en\/wp-json\/wp\/v2\/posts\/21908\/revisions"}],"predecessor-version":[{"id":21916,"href":"https:\/\/hangar.com.pt\/en\/wp-json\/wp\/v2\/posts\/21908\/revisions\/21916"}],"wp:featuredmedia":[{"embeddable":true,"href":"https:\/\/hangar.com.pt\/en\/wp-json\/wp\/v2\/media\/21910"}],"wp:attachment":[{"href":"https:\/\/hangar.com.pt\/en\/wp-json\/wp\/v2\/media?parent=21908"}],"wp:term":[{"taxonomy":"category","embeddable":true,"href":"https:\/\/hangar.com.pt\/en\/wp-json\/wp\/v2\/categories?post=21908"},{"taxonomy":"post_tag","embeddable":true,"href":"https:\/\/hangar.com.pt\/en\/wp-json\/wp\/v2\/tags?post=21908"}],"curies":[{"name":"wp","href":"https:\/\/api.w.org\/{rel}","templated":true}]}}