{"id":21340,"date":"2022-04-07T18:54:39","date_gmt":"2022-04-07T17:54:39","guid":{"rendered":"https:\/\/hangar.com.pt\/?p=21340"},"modified":"2022-04-07T18:54:39","modified_gmt":"2022-04-07T17:54:39","slug":"christine-enregle-5","status":"publish","type":"post","link":"https:\/\/hangar.com.pt\/en\/christine-enregle-5\/","title":{"rendered":"Christine Enr\u00e8gle"},"content":{"rendered":"<div class=\"wpb-content-wrapper\"><p>[vc_row][vc_column][vc_empty_space height=&#8221;5px&#8221;][vc_separator color=&#8221;black&#8221;][vc_column_text]Christine Enr\u00e8gle, Visual Artist, PhD in Visual Arts from the University Paris 1, Panth\u00e9on-Sorbonne since 2008, is professor of Visual Arts at the School of Design, Cond\u00e9-Paris.<br \/>\nAs part of her PhD, she received scholarships that enabled her to travel to Brazil where she enrolled at the School of Fine Arts of Belo Horizonte (Universidade Federal de Minas Gerais, UFMG).<br \/>\nThe first resident artist at the Rio Botanical Garden in June-July 2004, she presents her work in situ in August 2004 in a solo exhibition.<\/p>\n<p>Since 2017, she regularly does artistic residencies in France and abroad, in particular in Lisbon where she presents her drawings as part of a solo exhibition in July 2020 at the Sociedade Nacional de Belas Artes, where she wins an honourable mention at the Art Fair 2021 for members of the Society, under the program \u201cLisboa Capital Verde Europeia\u201d \/ \u201cLisbon European Green Capital\u201d.<br \/>\nShe participates in individual and group exhibitions in France, Portugal, Brazil, South Korea, and in 2017 received the first prize at the international exhibition organized in Seoul by the Korean Society of Color Studies.<\/p>\n<p>Her artistic approach is oriented towards the practice of the landscape considered as a material, the elements of which collected, moved and transformed, constitute the matrix of his installations.<br \/>\nSince 2017, she has favored charcoal drawing on canvas and is particularly interested in the metamorphosis of plants, in particular the growth of trees, whose organic character she emphasizes.<br \/>\nHer drawings are experienced as the result (the &#8220;precipitate&#8221;) of an encounter between the plant and the human, revealed by these organic forms.<br \/>\nThey question the place given to plants in our western societies and the way in which we relate to them.<\/p>\n<p>After working in the different gardens of Lisbon from the Ficus macrophylla first met in Brazil in 2003 during her study tour as part of her PhD, she turns to the figure of the olive tree that crosses the centuries, cultures and religions in Europe and the Middle East.<\/p>\n<p>The drawings made in residence in Lisbon in 2021 will be presented as part of two exhibitions under the title:<\/p>\n<p>Do jardim tropical ao carv\u00e3o vegetal: o desenho na linha das metamorfoses II<br \/>\nFrom the tropical gardens to the charcoal: Drawing through its metamorphoses II<\/p>\n<p>Sociedade Nacional de Belas Artes, Lisbon: from June 17 to July 16 2022.<br \/>\nMuseu Nacional de Hist\u00f3ria Natural e da Ci\u00eancia, Lisbon: from July 7 to July 31 2022.<\/p>\n<p>Exhibitions sponsored by the France-Portugal Season 2022.<br \/>\nDo jardim tropical ao carv\u00e3o vegetal: O desenho na linha das metamorfoses II &#8211; Temporada Portugal-Fran\u00e7a 2022 (temporadaportugalfranca.pt)<\/p>\n<p>Artistic Residency sponsored by the Institut fran\u00e7ais du Portugal.[\/vc_column_text][vc_single_image image=&#8221;12347&#8243; img_size=&#8221;medium&#8221;][\/vc_column][\/vc_row][vc_row][vc_column][vc_masonry_media_grid grid_id=&#8221;vc_gid:1649353626471-cd3cc238-0a62-3&#8243; include=&#8221;21342,21344,21346,21348,21350,21352,21354&#8243;][\/vc_column][\/vc_row]<\/p>\n<\/div>","protected":false},"excerpt":{"rendered":"<p>May &#8211; July 2022<\/p>\n","protected":false},"author":14,"featured_media":21349,"comment_status":"closed","ping_status":"closed","sticky":false,"template":"","format":"standard","meta":{"footnotes":""},"categories":[168],"tags":[238,286],"class_list":["post-21340","post","type-post","status-publish","format-standard","has-post-thumbnail","hentry","category-portfolios","tag-2022-en","tag-previous"],"_links":{"self":[{"href":"https:\/\/hangar.com.pt\/en\/wp-json\/wp\/v2\/posts\/21340","targetHints":{"allow":["GET"]}}],"collection":[{"href":"https:\/\/hangar.com.pt\/en\/wp-json\/wp\/v2\/posts"}],"about":[{"href":"https:\/\/hangar.com.pt\/en\/wp-json\/wp\/v2\/types\/post"}],"author":[{"embeddable":true,"href":"https:\/\/hangar.com.pt\/en\/wp-json\/wp\/v2\/users\/14"}],"replies":[{"embeddable":true,"href":"https:\/\/hangar.com.pt\/en\/wp-json\/wp\/v2\/comments?post=21340"}],"version-history":[{"count":2,"href":"https:\/\/hangar.com.pt\/en\/wp-json\/wp\/v2\/posts\/21340\/revisions"}],"predecessor-version":[{"id":21358,"href":"https:\/\/hangar.com.pt\/en\/wp-json\/wp\/v2\/posts\/21340\/revisions\/21358"}],"wp:featuredmedia":[{"embeddable":true,"href":"https:\/\/hangar.com.pt\/en\/wp-json\/wp\/v2\/media\/21349"}],"wp:attachment":[{"href":"https:\/\/hangar.com.pt\/en\/wp-json\/wp\/v2\/media?parent=21340"}],"wp:term":[{"taxonomy":"category","embeddable":true,"href":"https:\/\/hangar.com.pt\/en\/wp-json\/wp\/v2\/categories?post=21340"},{"taxonomy":"post_tag","embeddable":true,"href":"https:\/\/hangar.com.pt\/en\/wp-json\/wp\/v2\/tags?post=21340"}],"curies":[{"name":"wp","href":"https:\/\/api.w.org\/{rel}","templated":true}]}}