{"id":21107,"date":"2015-06-29T18:12:38","date_gmt":"2015-06-29T17:12:38","guid":{"rendered":"https:\/\/hangar.com.pt\/verao-mini-hangar\/"},"modified":"2022-10-02T12:11:30","modified_gmt":"2022-10-02T11:11:30","slug":"verao-mini-hangar","status":"publish","type":"post","link":"https:\/\/hangar.com.pt\/en\/verao-mini-hangar\/","title":{"rendered":"ATELIERS LIVRES | VER\u00c3O NO MINI-HANGAR"},"content":{"rendered":"<div class=\"wpb-content-wrapper\"><p>[vc_row][vc_column][vc_empty_space height=&#8221;5px&#8221;][vc_separator color=&#8221;black&#8221;][\/vc_column][\/vc_row][vc_row][vc_column][vc_single_image image=&#8221;1779&#8243; img_size=&#8221;full&#8221; alignment=&#8221;center&#8221;][vc_column_text]<\/p>\n<p style=\"text-align: justify;\"><strong>PROGRAMA DE PARTICIPA\u00c7\u00c3O<\/strong> (Servi\u00e7o Educativo)<\/p>\n<p style=\"text-align: justify;\">Concep\u00e7\u00e3o e Orienta\u00e7\u00e3o: Ana de Almeida e Mariana Ramos<\/p>\n<p style=\"text-align: justify;\"><strong>ATELIERS LIVRES | F\u00c9RIAS DE VER\u00c3O NO MINI-HANGAR<\/strong><\/p>\n<p style=\"text-align: justify;\">5 aos 12\u00a0anos | 29 de Junho a 31 de Julho |\u00a0segunda a sexta | 09h30 \u00e0s 16h30<\/p>\n<p>[\/vc_column_text][vc_column_text]<\/p>\n<p style=\"text-align: justify;\"><strong>VIAGENS IMAGIN\u00c1RIAS PELO MUNDO<\/strong> | 29 de Junho a 3 de Julho | <strong>ESGOTADO<\/strong><\/p>\n<p style=\"text-align: justify;\">Que pa\u00edses e lugares no mundo gostarias de visitar? Do MINI-HANGAR partimos em busca desses lugares em\u00a0transportes inventados e paisagens criadas por n\u00f3s. Podemos dar a volta ao mundo sem sair do s\u00edtio dando\u00a0asas \u00e0 imagina\u00e7\u00e3o, com muito desenho, tintas e caixas de cart\u00e3o. No final construiremos um \u00e1lbum fotogr\u00e1fico\u00a0das incr\u00edveis viagens que fizermos.<\/p>\n<p style=\"text-align: justify;\">O planeta das obras de arte \u00e9 um planeta \u00e0 nossa medida e partimos \u00e0 aventura, \u00e0 descoberta deste planeta\u00a0imagin\u00e1rio. Que forma ter\u00e1? Que cores? Quem habita l\u00e1? A escultura, a pintura e o desenho ajudar-nos-\u00e3o a\u00a0concretizar as nossas ideias.<\/p>\n<p>[\/vc_column_text][vc_column_text]<\/p>\n<p style=\"text-align: justify;\"><strong>FABUL\u00c1RIO<\/strong> | 6 de Julho a 10 de Julho<\/p>\n<p style=\"text-align: justify;\">Os animais s\u00e3o a nossa inspira\u00e7\u00e3o e as nossas personagens. Inventaremos uma hist\u00f3ria em\u00a0conjunto,pintaremos os cen\u00e1rios e criaremos os personagens, e no final daremos vida \u00e0 hist\u00f3ria atrav\u00e9s do\u00a0cinema de anima\u00e7\u00e3o.<\/p>\n<p>[\/vc_column_text][vc_column_text]<\/p>\n<p style=\"text-align: justify;\"><strong>MUSEU DE HIST\u00d3RIA NATURAL DE BIOLOGIA INVENTADA<\/strong> | 13 de Julho a 17 de Julho<\/p>\n<p style=\"text-align: justify;\">Este atelier \u00e9 para exploradores(as) criativos(as). Vamos \u00e0 descoberta de um mundo imaginado cheio de\u00a0novas esp\u00e9cies para desvendar. Dedicar-nos-emos \u00e0 cria\u00e7\u00e3o das novas esp\u00e9cies e descri\u00e7\u00e3o das suas\u00a0caracter\u00edsticas, habitat, e evolu\u00e7\u00e3o, tal como encontramos num Museu de Hist\u00f3ria Natural (com visita ao\u00a0Museu de Hist\u00f3ria Natural, na Rua da Escola Polit\u00e9cnica, Lisboa).<\/p>\n<p>[\/vc_column_text][vc_column_text]<\/p>\n<p style=\"text-align: justify;\"><strong>CRIA\u00c7\u00d5ES IRREQUIETAS<\/strong> | 20 de Julho a 24 de Julho<\/p>\n<p style=\"text-align: justify;\">Damos-te materiais \u00e0 escolha, ajuda t\u00e9cnica e o limite s\u00e3o as tuas ideias\u2026 n\u00e3o queremos ideias que j\u00e1 viste\u00a0noutro s\u00edtio, queremos inventar tudo de novo. Experimentar, construir, transformar e reinventar ser\u00e3o as\u00a0palavras de ordem desta actividade.<\/p>\n<p>[\/vc_column_text][vc_column_text]<\/p>\n<p style=\"text-align: justify;\"><strong>JOGOS REFLECTORES DE LUZ<\/strong> | 27 de Julho a 31 de Julho<\/p>\n<p style=\"text-align: justify;\">J\u00e1 alguma vez entraste numa c\u00e2mara escura para fazer uma fotografia anal\u00f3gica? Sabias que antes das\u00a0m\u00e1quinas digitais eram necess\u00e1rios pap\u00e9is e l\u00edquidos especiais para imprimirmos uma fotografia? Nesta\u00a0oficina vamos explorar o desenho atrav\u00e9s da Luz com os pap\u00e9is fotossens\u00edveis e outros dispositivos.<\/p>\n<p>[\/vc_column_text][vc_column_text]<\/p>\n<p style=\"text-align: justify;\">Local: MINI-HANGAR | Rua Damasceno Monteiro, 12 (Gra\u00e7a)<\/p>\n<p style=\"text-align: justify;\">N\u00famero de crian\u00e7as: m\u00ednimo de 5 e m\u00e1ximo de 12<\/p>\n<p style=\"text-align: justify;\">Inscri\u00e7\u00f5es: ana.almeida@hangar.com.pt | geral@hangar.com.pt | 218 870 490<\/p>\n<p style=\"text-align: justify;\">PRE\u00c7OS:<\/p>\n<p style=\"text-align: justify;\">1 semana : 95 \u20ac \/ crian\u00e7a<\/p>\n<p style=\"text-align: justify;\">1 Dia : 20 \u20ac \/ crian\u00e7a<\/p>\n<p style=\"text-align: justify;\">1\/2\u00a0dia: 10\u20ac \/ crian\u00e7a<\/p>\n<p style=\"text-align: justify;\">Inclui materiais e seguro de acidentes pessoais.<\/p>\n<p style=\"text-align: justify;\">Desconto de 20% para irm\u00e3os e para inscri\u00e7\u00e3o em mais que uma semana.<\/p>\n<p style=\"text-align: justify;\">Desconto 20% para s\u00f3cios.<\/p>\n<p style=\"text-align: justify;\">Alimenta\u00e7\u00e3o (opcional) 25\u20ac semana \/ crian\u00e7a (lanche da manh\u00e3, almo\u00e7o e lanche da tarde)<\/p>\n<p style=\"text-align: justify;\">O MINI-HANGAR reserva-se o direito de n\u00e3o realizar a actividade caso n\u00e3o se atinja o n\u00ba m\u00ednimo de inscri\u00e7\u00f5es<\/p>\n<p>[\/vc_column_text][vc_column_text]<\/p>\n<p style=\"text-align: justify;\"><strong>Ana de Almeida<\/strong><\/p>\n<p style=\"text-align: justify;\">Formada em Fotografia e Comunica\u00e7\u00e3o pela London College of Communication e em \u201cNew art\u201d, arte experimental a\u00a0n\u00edvel fotogr\u00e1fico, pelo Chelsea College of Art&amp;Design, Londres. Trabalhou durante dois anos como professora de\u00a0Arte e Educa\u00e7\u00e3o de minorias \u00e9tnicas da Clapham Manor Primary School em Londres. Orientou v\u00e1rias workshops de\u00a0fotografia com crian\u00e7as e jovens, intitulados \u201clet\u2019s make pictures that you can play and feel with\u201c em v\u00e1rias escola e\u00a0institui\u00e7\u00f5es em Londres. \u00c9 co-fundadora da Sociedade Lomogr\u00e1fica em Portugal, movimento art\u00edstico internacional\u00a0de fotografia anal\u00f3gica, onde desenvolve v\u00e1rios projectos fotogr\u00e1ficos a n\u00edvel nacional e internacional como\u00a0participante, formadora e produtora.<\/p>\n<p>[\/vc_column_text][vc_column_text]<\/p>\n<p style=\"text-align: justify;\"><strong>Mariana Ramos<\/strong><\/p>\n<p style=\"text-align: justify;\">Nasceu em Lisboa, 1978. Mestre em Escultura pela FBAUL, 2012. Curso avan\u00e7ado da MauMaus, 2003.\u00a0Exp\u00f5e regularmente desde 1999. Salienta-se o projecto desenvolvido no Hospital de Santa Maria em Lisboa,\u00a0inserido no projecto Les ateliers d\u2019artistes \u00e0 l\u2019h\u00f4pital en Europe 2004 organizado por Art dans La Cit\u00e9, Uma vida de\u00a0uma escultura, Galeria Carmina, Angra do Hero\u00edsmo, 2008. Em 2009 apresenta na sala Beb\u00e9 do espa\u00e7o avenida 211\u00a0(Lisboa) Pontua\u00e7\u00e3o a tr\u00eas cores prim\u00e1rias.\u00a0Desenvolve trabalho educativo no \u00e2mbito das artes pl\u00e1sticas e cinema de anima\u00e7\u00e3o desde 1999. Trabalha no\u00a0Servi\u00e7o Educativo do Museu Colec\u00e7\u00e3o Berardo desde 2011, e no do Atelier-Museu J\u00falio Pomar desde Abril de 2013.\u00a0Colabora no Centro de Forma\u00e7\u00e3o Art\u00edstica do Teatro da Voz desde a sua cria\u00e7\u00e3o em 2013.<\/p>\n<p>[\/vc_column_text][\/vc_column][\/vc_row]<\/p>\n<\/div>","protected":false},"excerpt":{"rendered":"<p>June 29th to July 31st 2015<\/p>\n","protected":false},"author":8,"featured_media":21109,"comment_status":"closed","ping_status":"closed","sticky":false,"template":"","format":"standard","meta":{"footnotes":""},"categories":[159,165],"tags":[245,286],"class_list":["post-21107","post","type-post","status-publish","format-standard","has-post-thumbnail","hentry","category-mini-hangar-en","category-news","tag-2015-en","tag-previous"],"_links":{"self":[{"href":"https:\/\/hangar.com.pt\/en\/wp-json\/wp\/v2\/posts\/21107","targetHints":{"allow":["GET"]}}],"collection":[{"href":"https:\/\/hangar.com.pt\/en\/wp-json\/wp\/v2\/posts"}],"about":[{"href":"https:\/\/hangar.com.pt\/en\/wp-json\/wp\/v2\/types\/post"}],"author":[{"embeddable":true,"href":"https:\/\/hangar.com.pt\/en\/wp-json\/wp\/v2\/users\/8"}],"replies":[{"embeddable":true,"href":"https:\/\/hangar.com.pt\/en\/wp-json\/wp\/v2\/comments?post=21107"}],"version-history":[{"count":1,"href":"https:\/\/hangar.com.pt\/en\/wp-json\/wp\/v2\/posts\/21107\/revisions"}],"predecessor-version":[{"id":21112,"href":"https:\/\/hangar.com.pt\/en\/wp-json\/wp\/v2\/posts\/21107\/revisions\/21112"}],"wp:featuredmedia":[{"embeddable":true,"href":"https:\/\/hangar.com.pt\/en\/wp-json\/wp\/v2\/media\/21109"}],"wp:attachment":[{"href":"https:\/\/hangar.com.pt\/en\/wp-json\/wp\/v2\/media?parent=21107"}],"wp:term":[{"taxonomy":"category","embeddable":true,"href":"https:\/\/hangar.com.pt\/en\/wp-json\/wp\/v2\/categories?post=21107"},{"taxonomy":"post_tag","embeddable":true,"href":"https:\/\/hangar.com.pt\/en\/wp-json\/wp\/v2\/tags?post=21107"}],"curies":[{"name":"wp","href":"https:\/\/api.w.org\/{rel}","templated":true}]}}