{"id":19340,"date":"2021-09-12T13:03:41","date_gmt":"2021-09-12T12:03:41","guid":{"rendered":"https:\/\/hangar.com.pt\/?p=19340"},"modified":"2022-10-02T11:39:51","modified_gmt":"2022-10-02T10:39:51","slug":"coronas-in-the-sky","status":"publish","type":"post","link":"https:\/\/hangar.com.pt\/en\/coronas-in-the-sky\/","title":{"rendered":"CORONAS IN THE SKY"},"content":{"rendered":"<div class=\"wpb-content-wrapper\"><p>[vc_row][vc_column][vc_empty_space height=&#8221;5px&#8221;][vc_separator color=&#8221;black&#8221;][\/vc_column][\/vc_row][vc_row][vc_column width=&#8221;2\/3&#8243;][vc_column_text]<strong>CORONAS IN THE SKY<br \/>\nNot a Manifesto!<br \/>\nan Essay on Afrofuturism and Liberation<\/strong><\/p>\n<p><strong>Start:<\/strong> September 24th (5 pm to 9 pm)<br \/>\nWednesday &#8211; Saturday (3 pm to 7 pm)<br \/>\n<strong>Last day:<\/strong> October 2nd[\/vc_column_text][\/vc_column][vc_column width=&#8221;1\/3&#8243;][vc_single_image image=&#8221;19341&#8243; img_size=&#8221;full&#8221; css=&#8221;.vc_custom_1631447116027{margin-bottom: -20px !important;}&#8221;][vc_column_text]<em>CORONAS IN THE SKY, Not a Manifesto! an essay on Afrofuturism and Liberation<\/em> \u00a9 Melissa Rodrigues[\/vc_column_text][\/vc_column][\/vc_row][vc_row][vc_column][vc_column_text]After 4 days in Berlin and walking a 20 kilos suitcase through metro lines, buses, streets, stairs, an empty airport and a ghost plane, I return home, to the one where I live in the last years. Outside there is silence and the sound of sirens shapes the space once inhabited by a city.<br \/>\nThis is the place and the time where I exist today and from where I speak.<\/p>\n<p>Being in artistic residency in the midst of a pandemic it\u2019s a creative delirium and a constant attempt to connect with the surrounding reality.<br \/>\nOut there the world revolves. The next great crisis approaches silently and cruelly devastating lives already marked by racial, gender and social inequality.<br \/>\nEverything is connected.<\/p>\n<p>Between texts, books, articles, images, a performance is being materialized.<br \/>\nIt\u2019s a poem, an essay. The images emerge on a dark background in contrast to the light that radiates from the Coronas pointed at the Sky, the finger stirs in the colonial wound, the power is questioned and she (I\/We) dance(s) frenetically.[\/vc_column_text][\/vc_column][\/vc_row][vc_row][vc_column][vc_custom_heading text=&#8221;TECHNICAL FILE&#8221; font_container=&#8221;tag:h4|text_align:left&#8221; use_theme_fonts=&#8221;yes&#8221;][vc_separator color=&#8221;black&#8221;][vc_column_text]<strong>CORONAS IN THE SKY, Not a Manifesto! an Essay on Afrofuturism and Liberation<\/strong><br \/>\n2020<br \/>\nMelissa Rodrigues<br \/>\nVideo &#8211; Performance 14\u201919\u2019\u2019, cor, som stereo<br \/>\nInstala\u00e7\u00e3o multicanal<br \/>\nVideo Performance realizada no \u00e2mbito da resid\u00eancia art\u00edstica Magic Carpets Creative Europe Platform entre Mar\u00e7o e Maio de 2020 no ZK\/U Berlin<br \/>\nCuradoria Lotta Sch\u00e4fer<\/p>\n<p><strong>Performers <\/strong><br \/>\nClaire Sivier<br \/>\nDesir\u00e9e Desmarattes<br \/>\nDori Nigro<br \/>\nJade Rocha<br \/>\nLola Rodrigues<br \/>\nMelissa Rodrigues[\/vc_column_text][\/vc_column][\/vc_row][vc_row][vc_column][vc_custom_heading text=&#8221;BIO&#8221; font_container=&#8221;tag:h4|text_align:left&#8221; use_theme_fonts=&#8221;yes&#8221;][vc_separator color=&#8221;black&#8221;][vc_column_text]<strong>Melissa Rodrigues<\/strong> (Praia, Cabo Verde, 1985)<\/p>\n<p>Melissa \u00e9 performer, arte-educadora e curadora.<br \/>\nLicenciada em Antropologia UNL\/FCSH e p\u00f3s-graduada em Performance pela FBAUP.<br \/>\nPossui forma\u00e7\u00e3o em Artes Performativas pelo c.e.m. &#8211; centro em movimento, Lisboa.<br \/>\nColabora desde 2008 em projetos de Educa\u00e7\u00e3o Pela Arte e como arte-educadora no \u00e2mbito de servi\u00e7os educativos, como no Servi\u00e7o Educativo do Museu de Arte Contempor\u00e2nea de Serralves (2015 &#8211; 2020).<br \/>\nParticipa frequentemente em projetos colaborativos e interdisciplinares que relacionam arte, experimenta\u00e7\u00e3o e ativismo.<br \/>\nComo investigadora nas \u00e1reas da Performance e da Cultura Visual tem desenvolvido pesquisa em Imagem e Representa\u00e7\u00e3o do Corpo Negro em colabora\u00e7\u00e3o com artistas visuais, cientistas sociais e performers.<br \/>\nCo-criou com o coletivo Ch\u00e1 das Pretas a performance <em>cabelo<\/em> e com o artista visual Miguel F a v\u00eddeo instala\u00e7\u00e3o <em>MEDITERR\u00c2NEO<\/em>.<br \/>\nConcebeu a confer\u00eancia-performance <em>De Submisso a Pol\u00edtico \u2013 O Lugar do Corpo Negro na Cultura Visual<\/em> e em 2020 no \u00e2mbito de uma resid\u00eancia art\u00edstica realizada no ZK\/U Berlin atrav\u00e9s do programa Magic Carpets Creative Europe Platform concebeu a v\u00eddeo-performance <em>CORONAS IN THE SKY, Not a Manifesto! an Essay on Afrofuturism and Liberation<\/em>.<br \/>\nEm 2020\/2021 integrou as equipas curatoriais dos programas <em>Um Elefante no Pal\u00e1cio de Cristal<\/em> e <em>Anu\u00e1rio 2020<\/em> da Galeria Municipal do Porto.<br \/>\n\u00c9 membra da Associa\u00e7\u00e3o Cultural Rampa, do InterStruct Collective, do N\u00facleo Anti-Racista do Porto e da UNA \u2013 Uni\u00e3o Negra das Artes.[\/vc_column_text][\/vc_column][\/vc_row]<\/p>\n<\/div>","protected":false},"excerpt":{"rendered":"<p>October 2nd 2021<\/p>\n","protected":false},"author":14,"featured_media":19342,"comment_status":"closed","ping_status":"closed","sticky":false,"template":"","format":"standard","meta":{"footnotes":""},"categories":[165,140],"tags":[239,286],"class_list":["post-19340","post","type-post","status-publish","format-standard","has-post-thumbnail","hentry","category-news","category-screenings-en","tag-2021-en","tag-previous"],"_links":{"self":[{"href":"https:\/\/hangar.com.pt\/en\/wp-json\/wp\/v2\/posts\/19340","targetHints":{"allow":["GET"]}}],"collection":[{"href":"https:\/\/hangar.com.pt\/en\/wp-json\/wp\/v2\/posts"}],"about":[{"href":"https:\/\/hangar.com.pt\/en\/wp-json\/wp\/v2\/types\/post"}],"author":[{"embeddable":true,"href":"https:\/\/hangar.com.pt\/en\/wp-json\/wp\/v2\/users\/14"}],"replies":[{"embeddable":true,"href":"https:\/\/hangar.com.pt\/en\/wp-json\/wp\/v2\/comments?post=19340"}],"version-history":[{"count":7,"href":"https:\/\/hangar.com.pt\/en\/wp-json\/wp\/v2\/posts\/19340\/revisions"}],"predecessor-version":[{"id":20337,"href":"https:\/\/hangar.com.pt\/en\/wp-json\/wp\/v2\/posts\/19340\/revisions\/20337"}],"wp:featuredmedia":[{"embeddable":true,"href":"https:\/\/hangar.com.pt\/en\/wp-json\/wp\/v2\/media\/19342"}],"wp:attachment":[{"href":"https:\/\/hangar.com.pt\/en\/wp-json\/wp\/v2\/media?parent=19340"}],"wp:term":[{"taxonomy":"category","embeddable":true,"href":"https:\/\/hangar.com.pt\/en\/wp-json\/wp\/v2\/categories?post=19340"},{"taxonomy":"post_tag","embeddable":true,"href":"https:\/\/hangar.com.pt\/en\/wp-json\/wp\/v2\/tags?post=19340"}],"curies":[{"name":"wp","href":"https:\/\/api.w.org\/{rel}","templated":true}]}}