{"id":17594,"date":"2021-02-05T19:44:43","date_gmt":"2021-02-05T19:44:43","guid":{"rendered":"https:\/\/hangar.com.pt\/?p=17594"},"modified":"2021-07-21T10:41:09","modified_gmt":"2021-07-21T09:41:09","slug":"ana-velez","status":"publish","type":"post","link":"https:\/\/hangar.com.pt\/en\/ana-velez\/","title":{"rendered":"Ana Velez"},"content":{"rendered":"<div class=\"wpb-content-wrapper\"><p>[vc_row][vc_column][vc_empty_space height=&#8221;5px&#8221;][vc_separator color=&#8221;black&#8221;][vc_column_text]<\/p>\n<div dir=\"auto\">\n<p>ANA VELEZ WAS BORN IN LISBON [PORTUGAL], IN 1982.<br \/>\nSHE CURRENTLY LIVES AND WORKS BETWEEN LISBON AND MADRID [SPAIN].<\/p>\n<p>Portuguese visual artist Ana Velez completed a Bachelor of Fine Arts at the Faculdade de Belas-Artes da Universidade de Lisboa [Portugal] and the Accademia Albertina delle Belle Arti di Torino [Italy], in 2007. She went on to study and was awarded a Masters of Fine Arts in Painting at the Faculdade de Belas-Artes da Universidade de Lisboa [Portugal] in 2011.<\/p>\n<p>She has participated in a number of solo and group exhibitions at institutional level, and also in collective projects of urban art.<br \/>\nShe uses drawing as a directional tool, enquiring about its multiple material possibilities, which has led her to develop work in the public space. This work has entailed a series of pictorial interventions on damaged or demolished buildings.<\/p>\n<p>She addresses themes based on the concept of identity, constructed on three ideas: place, memory and body, highlighting place as the container of memory and identity.<\/p>\n<p>She is co-founder and an active member of Vazarte, a multidisciplinary collective dedicated to creating reflective art projects, art spaces and urban art creations. In 2015, she also co-founded Atelier Contencioso with three other artists, with whom she shares a workspace and authorship of the artistic interventions at Rio Maravilha [Lisbon, Portugal] and the installations Mamba-de-Jameson, on the facade of Pens\u00e3o Amor [Lisbon, Portugal], Das Dez ao Meio-Dia [\u00d3bidos, Portugal], and Damasco Prateado, a project for the SONAE SIERRA Public Art Program for the new Student Residency Livensa Living Lisboa Cidade Universit\u00e1ria.<\/p>\n<p>Her work is held in major private and institutional collections, both nationally and internationally.<\/p>\n<p>Her most significant solo exhibitions include Gabinete de dibujos, Valencia [Spain, 2018], Sociedade Nacional de Belas-Artes, Lisbon [2016], Bloco103 | Contemporary Art, Lisbon [2014], and Galeria Fernando Santos, Oporto, Portugal [2008].<\/p>\n<p>Her work has been commissioned for significant group exhibitions including Off-site, Portugal [2019], Premi de Pintura Internacional Guasch Coranty, Spain [2018], Past | Present | Future, Austria [2017], P\u00e9riplos \u2013 Arte Portugu\u00e9s de Hoy, Spain [2016], Arte Hoje, Portugal [2014], Mostra Jovens Criadores\u201910, Portugal [2011], and others.<\/p>\n<p>For important biennales such as the Bienal de Cerveira, Portugal [2018, 2017, 2013 and 2011], BIS 7.\u00aa Bienal de S\u00e3o Tom\u00e9 e Pr\u00edncipe, Sao Tome and Principe [2013], or the Biennale JCE \/ Jeune Cr\u00e9ation Europ\u00e9enne, Portugal, Austria, Hungary, Slovakia, Germany, Lithuania and France [2011\/13].<\/p>\n<p>She also participated in Drawing Room Madrid 2020, Spain [2020], JustLX, Portugal [2019], Hybrid Art Fair, Spain [2018], and Art Copenhagen Art Fair, Denmark [2014].<\/p>\n<p>She was the recipient of an Artist Residency at BIS 7.\u00aa Bienal de S\u00e3o Tom\u00e9 e Pr\u00edncipe, Sao Tome and Principe [2013], and at Atelier de la R\u00e9sidence JCE \/ Jeune Cr\u00e9ation Europ\u00e9enne 2011\/2013, France [2012].<\/p>\n<p>She was awarded a Funda\u00e7\u00e3o Calouste Gulbenkian Support for Internationalization, Portugal [2013], and a Collezione Peggy Guggenheim Internship [Solomon R. Guggenheim, New York], Venice, Italy [2007], amongst others.<\/p>\n<\/div>\n<p>[\/vc_column_text][\/vc_column][\/vc_row][vc_row][vc_column][vc_masonry_media_grid grid_id=&#8221;vc_gid:1612553975167-405dda5f-c39c-9&#8243; include=&#8221;17597,17599,17601,17603,17605,17607,17609,17612&#8243;][\/vc_column][\/vc_row]<\/p>\n<\/div>","protected":false},"excerpt":{"rendered":"<p>[vc_row][vc_column][vc_empty_space height=&#8221;5px&#8221;][vc_separator color=&#8221;black&#8221;][vc_column_text] ANA VELEZ WAS BORN IN LISBON [PORTUGAL], IN 1982. SHE CURRENTLY LIVES AND WORKS BETWEEN LISBON AND MADRID [SPAIN]. Portuguese visual artist Ana Velez completed a Bachelor&hellip;<\/p>\n","protected":false},"author":8,"featured_media":17604,"comment_status":"closed","ping_status":"closed","sticky":false,"template":"","format":"standard","meta":{"footnotes":""},"categories":[168],"tags":[286],"class_list":["post-17594","post","type-post","status-publish","format-standard","has-post-thumbnail","hentry","category-portfolios","tag-previous"],"_links":{"self":[{"href":"https:\/\/hangar.com.pt\/en\/wp-json\/wp\/v2\/posts\/17594","targetHints":{"allow":["GET"]}}],"collection":[{"href":"https:\/\/hangar.com.pt\/en\/wp-json\/wp\/v2\/posts"}],"about":[{"href":"https:\/\/hangar.com.pt\/en\/wp-json\/wp\/v2\/types\/post"}],"author":[{"embeddable":true,"href":"https:\/\/hangar.com.pt\/en\/wp-json\/wp\/v2\/users\/8"}],"replies":[{"embeddable":true,"href":"https:\/\/hangar.com.pt\/en\/wp-json\/wp\/v2\/comments?post=17594"}],"version-history":[{"count":2,"href":"https:\/\/hangar.com.pt\/en\/wp-json\/wp\/v2\/posts\/17594\/revisions"}],"predecessor-version":[{"id":17617,"href":"https:\/\/hangar.com.pt\/en\/wp-json\/wp\/v2\/posts\/17594\/revisions\/17617"}],"wp:featuredmedia":[{"embeddable":true,"href":"https:\/\/hangar.com.pt\/en\/wp-json\/wp\/v2\/media\/17604"}],"wp:attachment":[{"href":"https:\/\/hangar.com.pt\/en\/wp-json\/wp\/v2\/media?parent=17594"}],"wp:term":[{"taxonomy":"category","embeddable":true,"href":"https:\/\/hangar.com.pt\/en\/wp-json\/wp\/v2\/categories?post=17594"},{"taxonomy":"post_tag","embeddable":true,"href":"https:\/\/hangar.com.pt\/en\/wp-json\/wp\/v2\/tags?post=17594"}],"curies":[{"name":"wp","href":"https:\/\/api.w.org\/{rel}","templated":true}]}}