{"id":17566,"date":"2021-02-05T19:23:18","date_gmt":"2021-02-05T19:23:18","guid":{"rendered":"https:\/\/hangar.com.pt\/?p=17566"},"modified":"2021-07-21T10:41:10","modified_gmt":"2021-07-21T09:41:10","slug":"joana-gomes","status":"publish","type":"post","link":"https:\/\/hangar.com.pt\/en\/joana-gomes\/","title":{"rendered":"Joana Gomes"},"content":{"rendered":"<div class=\"wpb-content-wrapper\"><p>[vc_row][vc_column][vc_empty_space height=&#8221;5px&#8221;][vc_separator color=&#8221;black&#8221;][vc_column_text]<\/p>\n<div dir=\"auto\">\n<p>Joana Gomes (1986, Portugal). Visual Artist, works at Atelier Contencioso in Lisbon. In 2008 finished her Fine Arts degree in Painting by the Faculty of Fine Arts of Lisbon and in 2011 her Master\u2018s Degree also in Painting at the same institution.<br \/>\nWorked in several museums and galleries as an assistent of prodution, namely, in Galeria Baginski and at MUDE \u2013 Museum of Fashion and Design. From 2012 on, she collaborated as a cultural mediator and since 2017 holds the position of coordinator of the Educational Service of Museu da Carris \u2013 Tram Museum of Lisbon. Also, she teaches Drawing and Painting at Odd School \u2013 Creative Media.<br \/>\nFor several years has participated in essays and conferences about Art Theory with international research teams financed by the Foundation for Science na Technology.<br \/>\nCo-founder of the Tempos de Vista Collective, a female artist group making site-specific public art work. The artist is actively exhibiting since 2008.<\/p>\n<p><strong>A Selection of solo and group exhibitions:<\/strong><\/p>\n<p>2020: 0\u00b020\u20197\u2019 Norte 6\u00b043\u20195\u2019 Este, Co-autoria\/co-author Ana Velez e Paulo Pascoal, Cur. In\u00eas Valle, Espa\u00e7o Espelho d\u2019\u00c1gua | Lisboa;<br \/>\n2019: Double Poetics, Galeria Belo-Galsterer, Lisboa, text\/o In\u00eas Valle; OFF-SITE, Coprodu\u00e7\u00e3o Underdogs e Atelier Contencioso, Pal\u00e1cio Pr\u00edncipe Real, Lisboa; Mano-a-Mano, Cur. de Jorge Catarino, Galeria \u00c1guas-Livres 8, Lisboa;<br \/>\n2018: Early Summer, Casa da Cultura da Comporta, Comporta; Panorama, Le Consulat, Lisboa, Cur. Adelaide Ginga; The Absence of Awareness: Fluor, Concrete, Lava, Wozen, Lisboa;<br \/>\n2017: Bendito entre as mulheres, Pavilh\u00e3o 31, Lisboa, Cur. Sandro Resende;<br \/>\n2016: Joana Gomes &#8211; Desafogar, Pal\u00e1cio Chiado, Lisboa; MOSTRA\u201916, Edif\u00edcio Vasco da Gama, Lisboa + Edif\u00edcio 1305, Rua de Santa Catarina, Porto; Exposi\u00e7\u00e3o Permanente, Colec\u00e7\u00e3o Particular, Rio Maravilha, Lisboa; Intervalos da Imagem, Teatro-Est\u00fadio Ant\u00f3nio Assun\u00e7\u00e3o, Almada;<br \/>\n2015: Tempos de Vista-Circuitos de Repeti\u00e7\u00e3o, F\u00e1brica da Viarco e Oliva Criative Factory, S\u00e3o Jo\u00e3o da Madeira, PT; D\u2019artasas, Funda\u00e7\u00e3o EDP, Museu da Electricidade, Lisboa;<br \/>\n2014:Art Stabs Power, que se vayan todos!, Curadoria In\u00eas Valle, Bermondsey Project, Londres; Tempos de Vista &#8211; Estado de S\u00edtio, Plataforma Rev\u00f3lver, Lisboa;<br \/>\n2013: 7\u00aaBienal de S\u00e3o Tom\u00e9 e Pr\u00edncipe, Funda\u00e7\u00e3o Carlos Delfim Neves, S\u00e3o Tom\u00e9;<br \/>\n2012: Tempos de Vista \u2013 Zona Descativada, Museu da Carris, Lisboa; Spectrum \u2013 Novos Funcionamentos Art\u00edsticos da Imagem, Curadoria Fernando Rosa Dias, Casa-Museu Medeiros e Almeida, Lisboa;<br \/>\n2011: Tempos de Vista, O Espa\u00e7o em Paralaxe, Observat\u00f3rio Astron\u00f3mico de Lisboa;<br \/>\n2010: Casa Grabada, Sala Aljibe, Granada; InShadow \u2013 Festival Internacional, Teatro S\u00e3o Luiz, Cur. Pedro Senna Nunes, Lisboa; Jetklass Lisboa, Cur. Madaglena Jetlova, F\u00e1brica do Bra\u00e7o de Prata, Lisboa; Goldener Kentaur, Casa de Artistas de Munique, M\u00fcnchen<\/p>\n<p><strong>Grants and Scholarships:<\/strong><br \/>\nEntre outros | in between others, Funda\u00e7\u00e3o Calouste Gulbenkian em | in 2011, 2012, 2013, 2015. Pr\u00e9mio A Arte chegou ao Colombo atribu\u00eddo ao | to Atelier Contencioso em | in 2020 e | and Pr\u00e9mio PEA Artistas Emergentes para o | to Atelier Contencioso em | in 2019.<\/p>\n<\/div>\n<p>[\/vc_column_text][\/vc_column][\/vc_row][vc_row][vc_column][vc_masonry_media_grid grid_id=&#8221;vc_gid:1612552890151-0fed6ddd-db04-0&#8243; include=&#8221;17567,17569,17571,17573,17575,17577,17579,17581,17583,17585&#8243;][\/vc_column][\/vc_row]<\/p>\n<\/div>","protected":false},"excerpt":{"rendered":"<p>[vc_row][vc_column][vc_empty_space height=&#8221;5px&#8221;][vc_separator color=&#8221;black&#8221;][vc_column_text] Joana Gomes (1986, Portugal). Visual Artist, works at Atelier Contencioso in Lisbon. In 2008 finished her Fine Arts degree in Painting by the Faculty of Fine Arts&hellip;<\/p>\n","protected":false},"author":8,"featured_media":17578,"comment_status":"closed","ping_status":"closed","sticky":false,"template":"","format":"standard","meta":{"footnotes":""},"categories":[168],"tags":[239,286],"class_list":["post-17566","post","type-post","status-publish","format-standard","has-post-thumbnail","hentry","category-portfolios","tag-2021-en","tag-previous"],"_links":{"self":[{"href":"https:\/\/hangar.com.pt\/en\/wp-json\/wp\/v2\/posts\/17566","targetHints":{"allow":["GET"]}}],"collection":[{"href":"https:\/\/hangar.com.pt\/en\/wp-json\/wp\/v2\/posts"}],"about":[{"href":"https:\/\/hangar.com.pt\/en\/wp-json\/wp\/v2\/types\/post"}],"author":[{"embeddable":true,"href":"https:\/\/hangar.com.pt\/en\/wp-json\/wp\/v2\/users\/8"}],"replies":[{"embeddable":true,"href":"https:\/\/hangar.com.pt\/en\/wp-json\/wp\/v2\/comments?post=17566"}],"version-history":[{"count":2,"href":"https:\/\/hangar.com.pt\/en\/wp-json\/wp\/v2\/posts\/17566\/revisions"}],"predecessor-version":[{"id":17590,"href":"https:\/\/hangar.com.pt\/en\/wp-json\/wp\/v2\/posts\/17566\/revisions\/17590"}],"wp:featuredmedia":[{"embeddable":true,"href":"https:\/\/hangar.com.pt\/en\/wp-json\/wp\/v2\/media\/17578"}],"wp:attachment":[{"href":"https:\/\/hangar.com.pt\/en\/wp-json\/wp\/v2\/media?parent=17566"}],"wp:term":[{"taxonomy":"category","embeddable":true,"href":"https:\/\/hangar.com.pt\/en\/wp-json\/wp\/v2\/categories?post=17566"},{"taxonomy":"post_tag","embeddable":true,"href":"https:\/\/hangar.com.pt\/en\/wp-json\/wp\/v2\/tags?post=17566"}],"curies":[{"name":"wp","href":"https:\/\/api.w.org\/{rel}","templated":true}]}}