{"id":16517,"date":"2020-05-01T11:13:18","date_gmt":"2020-05-01T10:13:18","guid":{"rendered":"https:\/\/hangar.com.pt\/nem-tanto-a-sul-nem-tanto-a-norte\/"},"modified":"2020-05-01T16:24:24","modified_gmt":"2020-05-01T15:24:24","slug":"nem-tanto-a-sul-nem-tanto-a-norte","status":"publish","type":"post","link":"https:\/\/hangar.com.pt\/en\/nem-tanto-a-sul-nem-tanto-a-norte\/","title":{"rendered":"Nem tanto a sul nem tanto a norte"},"content":{"rendered":"<div class=\"wpb-content-wrapper\"><p>[vc_row][vc_column width=&#8221;1\/2&#8243;][vc_single_image image=&#8221;6311&#8243; img_size=&#8221;large&#8221; alignment=&#8221;center&#8221;][vc_column_text css=&#8221;.vc_custom_1484671213472{margin-top: -30px !important;}&#8221;]<\/p>\n<p style=\"text-align: center;\">OPAVIVARA! Transn\u00f4mades, Sa\u0303o Paulo (32\u00aa Bienal de Sa\u0303o Paulo \u2013 Incerteza Viva) (2016)<\/p>\n<p>[\/vc_column_text][\/vc_column][vc_column width=&#8221;1\/2&#8243;][vc_column_text]<\/p>\n<p style=\"text-align: justify;\">O programa, intitulado NEM TANTO A SUL NEM TANTO A NORTE, \u00e9 constitu\u00eddo por uma programa\u00e7\u00e3o diversa de confer\u00eancias, exposi\u00e7\u00f5es, resid\u00eancias art\u00edsticas e performances desenvolvidas por artistas, curadores e acad\u00e9micos.<\/p>\n<p style=\"text-align: justify;\">O programa t\u00eam como objectivo a valoriza\u00e7\u00e3o da cria\u00e7\u00e3o multicultural, a investiga\u00e7\u00e3o, a experimenta\u00e7\u00e3o e a inova\u00e7\u00e3o, assim como o questionamento de paradigmas epistemol\u00f3gicos.<\/p>\n<p style=\"text-align: justify;\">A met\u00e1fora que o t\u00edtulo encerra tem como objectivo chamar a aten\u00e7\u00e3o para a altera\u00e7\u00e3o de formas entre distintos blocos geopol\u00edticos e uma altera\u00e7\u00e3o do peso relativo na balan\u00e7a dos discursos hegem\u00f3nicos.<\/p>\n<p style=\"text-align: justify;\">Pretende-se assim fortalecer n\u00e3o s\u00f3 uma valoriza\u00e7\u00e3o das\u00a0epistemologias do Sul mas tamb\u00e9m um encontro entre povos e ideias.<\/p>\n<p>[\/vc_column_text][vc_column_text]Projecto inserido no Programa Lisboa Capital\u00a0Ibero-Americana da Cultura 2017[\/vc_column_text][vc_custom_heading text=&#8221;Programa\u00e7\u00e3o&#8221; use_theme_fonts=&#8221;yes&#8221;][vc_row_inner][vc_column_inner width=&#8221;1\/2&#8243;][vc_column_text]<strong>Semin\u00e1rio sobre cultura e colonialidade<\/strong><br \/>\nPen\u00ednsula<br \/>\n27 e 28 de Janeiro 2017<\/p>\n<p><strong>Screening<\/strong><br \/>\nCarlos Amorales (M\u00e9xico)<br \/>\n10 de fevereiro a 18 de mar\u00e7o 2017<\/p>\n<p><strong>Screening e conversa<\/strong><br \/>\nCoco Fusco (Cuba)<br \/>\n14 de Junho 2017<\/p>\n<p><strong>Resid\u00eancia e Interven\u00e7\u00e3o<\/strong><br \/>\nOPAVIVAR\u00c1! (Brasil)<br \/>\n23 de Junho a 1 de Julho 2017[\/vc_column_text][\/vc_column_inner][vc_column_inner width=&#8221;1\/2&#8243;][vc_column_text]<strong>Exposi\u00e7\u00e3o<\/strong><br \/>\nCanibalia<br \/>\n31 de Mar\u00e7o a 9 de Junho de 2017<\/p>\n<p><strong>Curadoria:<\/strong> Julia Morandeira Arrizabalaga (Espanha)<\/p>\n<p><strong>Artistas:<\/strong> Theodor de Bry (B\u00e9lgica), Jeleton (Espanha), Runo Lagomarsino (Su\u00e9cia), Candice Lin (EUA), Pablo Marte (Espanha), Carlos Motta (Col\u00f4mbia), Pedro Neves Marques (Portugal), Manuel Segade (Espanha), Daniel Steegmann Mangran\u00e9 (Espanha\/Brasil), Minerva Cuevas (M\u00e9xico).[\/vc_column_text][\/vc_column_inner][\/vc_row_inner][\/vc_column][\/vc_row]<\/p>\n<\/div>","protected":false},"excerpt":{"rendered":"<p>[vc_row][vc_column width=&#8221;1\/2&#8243;][vc_single_image image=&#8221;6311&#8243; img_size=&#8221;large&#8221; alignment=&#8221;center&#8221;][vc_column_text css=&#8221;.vc_custom_1484671213472{margin-top: -30px !important;}&#8221;] OPAVIVARA! Transn\u00f4mades, Sa\u0303o Paulo (32\u00aa Bienal de Sa\u0303o Paulo \u2013 Incerteza Viva) (2016) [\/vc_column_text][\/vc_column][vc_column width=&#8221;1\/2&#8243;][vc_column_text] O programa, intitulado NEM TANTO A SUL&hellip;<\/p>\n","protected":false},"author":8,"featured_media":16518,"comment_status":"closed","ping_status":"closed","sticky":false,"template":"","format":"standard","meta":{"footnotes":""},"categories":[1],"tags":[],"class_list":["post-16517","post","type-post","status-publish","format-standard","has-post-thumbnail","hentry","category-uncategorized"],"_links":{"self":[{"href":"https:\/\/hangar.com.pt\/en\/wp-json\/wp\/v2\/posts\/16517","targetHints":{"allow":["GET"]}}],"collection":[{"href":"https:\/\/hangar.com.pt\/en\/wp-json\/wp\/v2\/posts"}],"about":[{"href":"https:\/\/hangar.com.pt\/en\/wp-json\/wp\/v2\/types\/post"}],"author":[{"embeddable":true,"href":"https:\/\/hangar.com.pt\/en\/wp-json\/wp\/v2\/users\/8"}],"replies":[{"embeddable":true,"href":"https:\/\/hangar.com.pt\/en\/wp-json\/wp\/v2\/comments?post=16517"}],"version-history":[{"count":1,"href":"https:\/\/hangar.com.pt\/en\/wp-json\/wp\/v2\/posts\/16517\/revisions"}],"predecessor-version":[{"id":16519,"href":"https:\/\/hangar.com.pt\/en\/wp-json\/wp\/v2\/posts\/16517\/revisions\/16519"}],"wp:featuredmedia":[{"embeddable":true,"href":"https:\/\/hangar.com.pt\/en\/wp-json\/wp\/v2\/media\/16518"}],"wp:attachment":[{"href":"https:\/\/hangar.com.pt\/en\/wp-json\/wp\/v2\/media?parent=16517"}],"wp:term":[{"taxonomy":"category","embeddable":true,"href":"https:\/\/hangar.com.pt\/en\/wp-json\/wp\/v2\/categories?post=16517"},{"taxonomy":"post_tag","embeddable":true,"href":"https:\/\/hangar.com.pt\/en\/wp-json\/wp\/v2\/tags?post=16517"}],"curies":[{"name":"wp","href":"https:\/\/api.w.org\/{rel}","templated":true}]}}