{"id":16385,"date":"2020-04-30T23:46:36","date_gmt":"2020-04-30T22:46:36","guid":{"rendered":"https:\/\/hangar.com.pt\/?p=16385"},"modified":"2021-07-21T10:41:34","modified_gmt":"2021-07-21T09:41:34","slug":"vania-gala","status":"publish","type":"post","link":"https:\/\/hangar.com.pt\/en\/vania-gala\/","title":{"rendered":"V\u00e2nia Gala"},"content":{"rendered":"<div class=\"wpb-content-wrapper\"><p>[vc_row][vc_column][vc_empty_space height=&#8221;5px&#8221;][vc_separator color=&#8221;black&#8221;][vc_column_text]<\/p>\n<div style=\"text-align: justify;\">\n<p>V\u00e2nia Gala \u00e9 core\u00f3grafa e pesquisadora. \u00c9 licenciada em dan\u00e7a pela E.D.D.C. (European Dance Development Center, 1999) Hogeschool voor Kunst &#8211; Arnhem, Holanda, com mestrado em coreografia, com distin\u00e7\u00e3o, pelo Conservat\u00f3rio de M\u00fasica Trinity Laban. V\u00e2nia Gala \u00e9 professora de dan\u00e7a na Universidade de Northampton. Desde 2015 \u00e9 doutoranda na Universidade de Kingston, premiada com uma bolsa de estudos PASS.<\/p>\n<p>Em 2005 recebeu o pr\u00eamio de &#8220;Melhor Performance Feminina\u201d. Em 2007 atuou no 1\u00ba Pavilh\u00e3o Africano na Bienal de Veneza. Suas cria\u00e7\u00f5es recentes incluem &#8220;Cooling Down Signs&#8221;, uma comiss\u00e3o pan-europeia da Beyond Front@ realizada no Dance Week Festival (Cro\u00e1cia); D.I.D (\u00c1ustria); Front@ Festival (Eslov\u00eania) e Bakelit (Hungria). As coreografias de Gala, assim como suas palestras sobre performance tratam de a\u00e7\u00f5es em torno das coisas invis\u00edveis. Suas \u00faltimas interven\u00e7\u00f5es performativas incluem a s\u00e9rie <em>give&amp;take<\/em> na Tate Modern, Londres. V\u00e2nia Gala tem textos publicados no cat\u00e1logo do Pavilh\u00e3o angolano da Bienal de Veneza de 2015. Gala colaborou como performer com a companhia Les Ballets C. de La B., Constanza Macras e com a artista visual Sonia Boyce. Seu trabalho coreogr\u00e1fico j\u00e1 foi apresentado em Angola, Portugal, Noruega, Alemanha, Irlanda, Reino Unido, Federa\u00e7\u00e3o Russa e \u00c1ustria.<\/p>\n<\/div>\n<p>[\/vc_column_text][\/vc_column][\/vc_row][vc_row][vc_column][vc_empty_space height=&#8221;5px&#8221;][\/vc_column][\/vc_row][vc_row][vc_column][vc_masonry_media_grid initial_loading_animation=&#8221;none&#8221; grid_id=&#8221;vc_gid:1588286607760-9141de8d-5b36-4&#8243; include=&#8221;8731,8732,8733,8734,8735,8736,8737,8738&#8243;][\/vc_column][\/vc_row]<\/p>\n<\/div>","protected":false},"excerpt":{"rendered":"<p>[vc_row][vc_column][vc_empty_space height=&#8221;5px&#8221;][vc_separator color=&#8221;black&#8221;][vc_column_text] V\u00e2nia Gala \u00e9 core\u00f3grafa e pesquisadora. \u00c9 licenciada em dan\u00e7a pela E.D.D.C. (European Dance Development Center, 1999) Hogeschool voor Kunst &#8211; Arnhem, Holanda, com mestrado em coreografia,&hellip;<\/p>\n","protected":false},"author":8,"featured_media":16387,"comment_status":"closed","ping_status":"closed","sticky":false,"template":"","format":"standard","meta":{"footnotes":""},"categories":[168],"tags":[240,286],"class_list":["post-16385","post","type-post","status-publish","format-standard","has-post-thumbnail","hentry","category-portfolios","tag-2020-en","tag-previous"],"_links":{"self":[{"href":"https:\/\/hangar.com.pt\/en\/wp-json\/wp\/v2\/posts\/16385","targetHints":{"allow":["GET"]}}],"collection":[{"href":"https:\/\/hangar.com.pt\/en\/wp-json\/wp\/v2\/posts"}],"about":[{"href":"https:\/\/hangar.com.pt\/en\/wp-json\/wp\/v2\/types\/post"}],"author":[{"embeddable":true,"href":"https:\/\/hangar.com.pt\/en\/wp-json\/wp\/v2\/users\/8"}],"replies":[{"embeddable":true,"href":"https:\/\/hangar.com.pt\/en\/wp-json\/wp\/v2\/comments?post=16385"}],"version-history":[{"count":1,"href":"https:\/\/hangar.com.pt\/en\/wp-json\/wp\/v2\/posts\/16385\/revisions"}],"predecessor-version":[{"id":16388,"href":"https:\/\/hangar.com.pt\/en\/wp-json\/wp\/v2\/posts\/16385\/revisions\/16388"}],"wp:featuredmedia":[{"embeddable":true,"href":"https:\/\/hangar.com.pt\/en\/wp-json\/wp\/v2\/media\/16387"}],"wp:attachment":[{"href":"https:\/\/hangar.com.pt\/en\/wp-json\/wp\/v2\/media?parent=16385"}],"wp:term":[{"taxonomy":"category","embeddable":true,"href":"https:\/\/hangar.com.pt\/en\/wp-json\/wp\/v2\/categories?post=16385"},{"taxonomy":"post_tag","embeddable":true,"href":"https:\/\/hangar.com.pt\/en\/wp-json\/wp\/v2\/tags?post=16385"}],"curies":[{"name":"wp","href":"https:\/\/api.w.org\/{rel}","templated":true}]}}