{"id":15714,"date":"2020-04-18T18:15:40","date_gmt":"2020-04-18T17:15:40","guid":{"rendered":"https:\/\/hangar.com.pt\/?p=15714"},"modified":"2021-07-21T10:43:12","modified_gmt":"2021-07-21T09:43:12","slug":"duarte-amaral-netto","status":"publish","type":"post","link":"https:\/\/hangar.com.pt\/en\/duarte-amaral-netto\/","title":{"rendered":"Duarte Amaral Netto"},"content":{"rendered":"<div class=\"wpb-content-wrapper\"><p>[vc_row][vc_column][vc_empty_space height=&#8221;5px&#8221;][vc_separator color=&#8221;black&#8221;][vc_column_text]<\/p>\n<p style=\"text-align: justify;\">Duarte Amaral Netto (Lisboa, 1976). Netto began his academic career with a major in Directing but transferred to the major in Cultural Communications. He graduated in 2003. In this year he had 2 individual exhibitions in Holland (MK Galerie &#8211;Roterd\u00e3o and Nouvelles Images &#8212; Haia) and another in Lisbon at the Galeria Promont\u00f3rio as an integral part of the parallel circuit of LisboaPhoto.\u00a0It was also in 2003 that he was accredited with the Grand Prix du<span class=\"Apple-converted-space\">\u00a0 <\/span>48eme Salon de Montrouge in Paris.\u00a0After finishing the Advanced Photography course at Ar.Co. in 2000, he began to work with the M\u00f6dulo&#8211; Centro Difusor de Arte, where he showcased exhibitions.\u00a0In 2005 he participated at the Curso de Fotografia do Programa Creatividade e Cria\u00e7\u00e3o Art\u00edstica da Funda\u00e7\u00e3o Calouste Gulbenkian.\u00a0This course of specialization was coordinated by S\u00e9rdio Mah in collaboration with \u00a0professors Stephen Shore, Thomas Demand, Patrick Faigenbaum, Joan Fontcuberta, Ute Eskildsen, Paul Wombell, Teresa Hubbard, Alexander Birchler.\u00a0In collaboration with other participants of the course he formed the DOZE colllective that, among other endeavours, involved the project of residence Paisagem and Povoamento (in Sines) and Paisagem e Povoamento II (in Montemor-o-Novo) where he worked with Rodrigo Tavarela Peixoto.<\/p>\n<p class=\"p1\">His collective exhibitions include: On Side, Centro de Artes Visuais (Coimbra 2004); Casa de Luz Fundacion Foto Colectania (Barcelona 2004); Uma Extens\u00e3o do Olhar, Centro de Artes Visuais (Coimbra 2005); Homo Migratius, Funda\u00e7\u00e3o Calouste Gulbenkian (Lisbon 2007); Identity in Motion, MK Galerie (Berlin 2009); Impresiones y Comentarios Fotografia Contempor\u00e2nea Portuguesa, Fundaci\u00f3n Foto Colectania (Barcelona 2010); Do outro lado do Atl\u00e2ntico, Centro de Artes Helio Oticica (Rio de Janeiro 2010).<\/p>\n<p class=\"p1\">He has taught in the Photography program of the Insituto Polit\u00e9cnico de Tomar from 2003 and is represented by the Galeria Pedro Alfachinha (Lisbon). In 2012 he was nominated for the BES PHOTO 2012 award.<\/p>\n<p>[\/vc_column_text][\/vc_column][\/vc_row][vc_row][vc_column][vc_masonry_media_grid grid_id=&#8221;vc_gid:1587230120274-a76cd154-c661-8&#8243; include=&#8221;1484,1478,1477,1479,1482,1483&#8243;][\/vc_column][\/vc_row]<\/p>\n<\/div>","protected":false},"excerpt":{"rendered":"<p><center>Novembro 2017<br \/>\nApoio: Funda\u00e7\u00e3o Gulbenkian<\/center><\/p>\n","protected":false},"author":8,"featured_media":15715,"comment_status":"closed","ping_status":"closed","sticky":false,"template":"","format":"standard","meta":{"footnotes":""},"categories":[168],"tags":[243,286],"class_list":["post-15714","post","type-post","status-publish","format-standard","has-post-thumbnail","hentry","category-portfolios","tag-2017-en","tag-previous"],"_links":{"self":[{"href":"https:\/\/hangar.com.pt\/en\/wp-json\/wp\/v2\/posts\/15714","targetHints":{"allow":["GET"]}}],"collection":[{"href":"https:\/\/hangar.com.pt\/en\/wp-json\/wp\/v2\/posts"}],"about":[{"href":"https:\/\/hangar.com.pt\/en\/wp-json\/wp\/v2\/types\/post"}],"author":[{"embeddable":true,"href":"https:\/\/hangar.com.pt\/en\/wp-json\/wp\/v2\/users\/8"}],"replies":[{"embeddable":true,"href":"https:\/\/hangar.com.pt\/en\/wp-json\/wp\/v2\/comments?post=15714"}],"version-history":[{"count":2,"href":"https:\/\/hangar.com.pt\/en\/wp-json\/wp\/v2\/posts\/15714\/revisions"}],"predecessor-version":[{"id":15721,"href":"https:\/\/hangar.com.pt\/en\/wp-json\/wp\/v2\/posts\/15714\/revisions\/15721"}],"wp:featuredmedia":[{"embeddable":true,"href":"https:\/\/hangar.com.pt\/en\/wp-json\/wp\/v2\/media\/15715"}],"wp:attachment":[{"href":"https:\/\/hangar.com.pt\/en\/wp-json\/wp\/v2\/media?parent=15714"}],"wp:term":[{"taxonomy":"category","embeddable":true,"href":"https:\/\/hangar.com.pt\/en\/wp-json\/wp\/v2\/categories?post=15714"},{"taxonomy":"post_tag","embeddable":true,"href":"https:\/\/hangar.com.pt\/en\/wp-json\/wp\/v2\/tags?post=15714"}],"curies":[{"name":"wp","href":"https:\/\/api.w.org\/{rel}","templated":true}]}}