{"id":14253,"date":"2019-11-17T12:25:11","date_gmt":"2019-11-17T12:25:11","guid":{"rendered":"https:\/\/hangar.com.pt\/?p=14253"},"modified":"2021-07-21T10:43:18","modified_gmt":"2021-07-21T09:43:18","slug":"paulo-arraiano","status":"publish","type":"post","link":"https:\/\/hangar.com.pt\/en\/paulo-arraiano\/","title":{"rendered":"Paulo Arraiano"},"content":{"rendered":"<div class=\"wpb-content-wrapper\"><p>[vc_row][vc_column][vc_empty_space height=&#8221;5px&#8221;][vc_separator color=&#8221;black&#8221;][vc_column_text]Paulo Arraiano (1977, Portugal) is a visual artist based in Lisbon. He a degree in Communication by ISCEM [Lisbon], and studied Visual Arts at Ar.Co &#8211; Centro de Arte e Comunica\u00e7\u00e3o Visual [Lisbon]. He is also co-founder of re_act contemporary, art laboratory and residence program based in the Azores Islands and no.stereo, an independent Artis-run platform.<\/p>\n<p>Paulo Arraiano has participated in several exhibitions, both solo and collective including Hawaii-Lisbon [Lisbon]; Dimora Artica [Milan]; Piv\u00f4 (S.Paulo); Museu d\u2019Historia da Catalunya (Barcelona); Art Rotterdam [Rotterdam]; Cidade das Artes Museum [Rio de Janeiro]; MAH Museum [Azores]; Quartier General, Centre d\u2019art Contemporain [La Chaux-de-Fonds]; Aeroplastics Contemporary [Brussels]; Petra Gut Contemporary [Zurich]; TAL Gallery [Rio de Janeiro]; ArtRio [Rio de Janeiro]; Pena Palace [Sintra]; Forty\/Forty [Warsaw]; Galeria Graphos [Rio De Janeiro]; Museu do C\u00f4a [V. N. Foz C\u00f4a; Hifa, Harare International Festival Of Art [Zimbabwe]; C\u00e3mara Municipal do Porto [Porto]; Muse\u00e9 d\u2019Art Moderne [Luxembourg], Scope\/Miami Basel [Miami]; National Building Museum [Washington DC]; P28 [Lisbon] among others. Paulo Arraiano has also participated in several artist residency programmes, such as Walk&amp;Talk [Azores]; Transforma [Torres Vedras]; LAC [Lagos] among others. He is represented in both public and private collections such as CAC M\u00e1laga Museum, [Spain]; Luciano Benton Collection [Italy]; Quartier-General Arts Center [Switzerland]; Museu de Angra do Heroismo [Azores]; \u00a0Sztuki Zewnetrznej Foundation [Poland]; Pestana Group [Portugal]; Funda\u00e7\u00e3o D. Lu\u00eds \/ Museum Quarter [Portugal]; MARCC Museum [Portugal].[\/vc_column_text][\/vc_column][\/vc_row][vc_row][vc_column][vc_masonry_media_grid grid_id=&#8221;vc_gid:1573993481008-b36e50c5-b78f-9&#8243; include=&#8221;14254,14256,14258,14260,14262,14264,14266,14268&#8243;][\/vc_column][\/vc_row]<\/p>\n<\/div>","protected":false},"excerpt":{"rendered":"<p>[vc_row][vc_column][vc_empty_space height=&#8221;5px&#8221;][vc_separator color=&#8221;black&#8221;][vc_column_text]Paulo Arraiano (1977, Portugal) is a visual artist based in Lisbon. He a degree in Communication by ISCEM [Lisbon], and studied Visual Arts at Ar.Co &#8211; Centro de&hellip;<\/p>\n","protected":false},"author":8,"featured_media":14259,"comment_status":"closed","ping_status":"closed","sticky":false,"template":"","format":"standard","meta":{"footnotes":""},"categories":[168],"tags":[241,286],"class_list":["post-14253","post","type-post","status-publish","format-standard","has-post-thumbnail","hentry","category-portfolios","tag-2019-en","tag-previous"],"_links":{"self":[{"href":"https:\/\/hangar.com.pt\/en\/wp-json\/wp\/v2\/posts\/14253","targetHints":{"allow":["GET"]}}],"collection":[{"href":"https:\/\/hangar.com.pt\/en\/wp-json\/wp\/v2\/posts"}],"about":[{"href":"https:\/\/hangar.com.pt\/en\/wp-json\/wp\/v2\/types\/post"}],"author":[{"embeddable":true,"href":"https:\/\/hangar.com.pt\/en\/wp-json\/wp\/v2\/users\/8"}],"replies":[{"embeddable":true,"href":"https:\/\/hangar.com.pt\/en\/wp-json\/wp\/v2\/comments?post=14253"}],"version-history":[{"count":1,"href":"https:\/\/hangar.com.pt\/en\/wp-json\/wp\/v2\/posts\/14253\/revisions"}],"predecessor-version":[{"id":18693,"href":"https:\/\/hangar.com.pt\/en\/wp-json\/wp\/v2\/posts\/14253\/revisions\/18693"}],"wp:featuredmedia":[{"embeddable":true,"href":"https:\/\/hangar.com.pt\/en\/wp-json\/wp\/v2\/media\/14259"}],"wp:attachment":[{"href":"https:\/\/hangar.com.pt\/en\/wp-json\/wp\/v2\/media?parent=14253"}],"wp:term":[{"taxonomy":"category","embeddable":true,"href":"https:\/\/hangar.com.pt\/en\/wp-json\/wp\/v2\/categories?post=14253"},{"taxonomy":"post_tag","embeddable":true,"href":"https:\/\/hangar.com.pt\/en\/wp-json\/wp\/v2\/tags?post=14253"}],"curies":[{"name":"wp","href":"https:\/\/api.w.org\/{rel}","templated":true}]}}