{"id":13789,"date":"2019-08-30T10:31:28","date_gmt":"2019-08-30T09:31:28","guid":{"rendered":"https:\/\/hangar.com.pt\/?p=13789"},"modified":"2019-08-30T10:31:28","modified_gmt":"2019-08-30T09:31:28","slug":"appel-2019-map-residences-dartistes-ecole-de-danse-contemporaine-de-montreal-qc","status":"publish","type":"post","link":"https:\/\/hangar.com.pt\/en\/appel-2019-map-residences-dartistes-ecole-de-danse-contemporaine-de-montreal-qc\/","title":{"rendered":"Appel 2019 | MAP R\u00e9sidences d\u2019artistes | \u00c9cole de danse contemporaine de Montr\u00e9al (Qc)"},"content":{"rendered":"<div class=\"wpb-content-wrapper\"><p>[vc_row][vc_column][vc_empty_space height=&#8221;5px&#8221;][vc_separator color=&#8221;black&#8221;][\/vc_column][\/vc_row][vc_row][vc_column][vc_column_text]<b>Deadline<\/b><\/p>\n<p>1 September,\u00a0 2019<\/p>\n<p><strong>For more information<\/strong><\/p>\n<p><a href=\"http:\/\/pepinieres.eu\/appel-2019-map-residences-dartistes-ecole-de-danse-contemporaine-de-montreal-qc\/\">http:\/\/pepinieres.eu\/appel-2019-map-residences-dartistes-ecole-de-danse-contemporaine-de-montreal-qc\/<\/a><\/p>\n<p><img loading=\"lazy\" decoding=\"async\" class=\"alignnone wp-image-13790 size-full\" src=\"https:\/\/hangar.com.pt\/wp-content\/uploads\/2019\/08\/EDCM_Ecole-de-Danse-Contemporaine-de-Montreal_Call-Residence_Pepinieres-Europeenes-de-Creation_01-sep_Transcultures-Europe-2019.jpg\" alt=\"\" width=\"1200\" height=\"800\" srcset=\"https:\/\/hangar.com.pt\/wp-content\/uploads\/2019\/08\/EDCM_Ecole-de-Danse-Contemporaine-de-Montreal_Call-Residence_Pepinieres-Europeenes-de-Creation_01-sep_Transcultures-Europe-2019.jpg 1200w, https:\/\/hangar.com.pt\/wp-content\/uploads\/2019\/08\/EDCM_Ecole-de-Danse-Contemporaine-de-Montreal_Call-Residence_Pepinieres-Europeenes-de-Creation_01-sep_Transcultures-Europe-2019-600x400.jpg 600w, https:\/\/hangar.com.pt\/wp-content\/uploads\/2019\/08\/EDCM_Ecole-de-Danse-Contemporaine-de-Montreal_Call-Residence_Pepinieres-Europeenes-de-Creation_01-sep_Transcultures-Europe-2019-768x512.jpg 768w\" sizes=\"auto, (max-width: 1200px) 100vw, 1200px\" \/><\/p>\n<div class=\"overlay\">\n<div class=\"container\">\n<div class=\"col-xs-12 col-sm-12\">\n<div class=\"menu-section\">\n<section class=\"component component--lead-text\">\n<div class=\"component__body\">\n<p><strong>APPEL A CANDIDATURES : R\u00c9SIDENCE D\u2019ARTISTES MAP, L\u2019\u00c9COLE DE DANSE CONTEMPORAINE DE MONTR\u00c9AL (EDCM), QU\u00c9BEC<br \/>\n<\/strong><\/p>\n<p>Dans le cadre de leur programme de mobilit\u00e9, les P\u00e9pini\u00e8res europ\u00e9ennes de Cr\u00e9ation et le CALQ lancent un appel \u00e0 candidatures pour une r\u00e9sidence d\u2019artiste \u00e0 Montr\u00e9al au Qu\u00e9bec. Pour sa programmation 2019-2020, l\u2019\u00c9cole de danse contemporaine de Montr\u00e9al accueille un.e artiste europ\u00e9en\u00b7ne pour une p\u00e9riode de r\u00e9sidence d\u2019une dur\u00e9e de deux mois.<\/p>\n<p><strong>Montant de la bourse offerte \u00e0 l\u2019artiste s\u00e9lectionn\u00e9<\/strong><strong>\u00b7e<\/strong><\/p>\n<p>Le Conseil des arts et des lettres du Qu\u00e9bec (CALQ) offre une bourse d\u2019un montant de 4 000$ (CAD) pour une p\u00e9riode de r\u00e9sidence de deux mois (8 semaines) \u00e0 l\u2019artiste s\u00e9lectionn\u00e9\u00b7e.<\/p>\n<p><strong>Date limite de d\u00e9p\u00f4t : 1 septembre 2019<\/strong><\/p>\n<p>ACF does not grant mobility grants. However, travel expenses can be covered when they are part of the implementation of a project.<\/p>\n<\/div>\n<\/section>\n<\/div>\n<\/div>\n<\/div>\n<\/div>\n<p>[\/vc_column_text][\/vc_column][\/vc_row]<\/p>\n<\/div>","protected":false},"excerpt":{"rendered":"<p>Deadline: 1 September 2019<\/p>\n","protected":false},"author":8,"featured_media":13791,"comment_status":"closed","ping_status":"closed","sticky":false,"template":"","format":"standard","meta":{"footnotes":""},"categories":[132],"tags":[],"class_list":["post-13789","post","type-post","status-publish","format-standard","has-post-thumbnail","hentry","category-opportunities"],"_links":{"self":[{"href":"https:\/\/hangar.com.pt\/en\/wp-json\/wp\/v2\/posts\/13789","targetHints":{"allow":["GET"]}}],"collection":[{"href":"https:\/\/hangar.com.pt\/en\/wp-json\/wp\/v2\/posts"}],"about":[{"href":"https:\/\/hangar.com.pt\/en\/wp-json\/wp\/v2\/types\/post"}],"author":[{"embeddable":true,"href":"https:\/\/hangar.com.pt\/en\/wp-json\/wp\/v2\/users\/8"}],"replies":[{"embeddable":true,"href":"https:\/\/hangar.com.pt\/en\/wp-json\/wp\/v2\/comments?post=13789"}],"version-history":[{"count":0,"href":"https:\/\/hangar.com.pt\/en\/wp-json\/wp\/v2\/posts\/13789\/revisions"}],"wp:featuredmedia":[{"embeddable":true,"href":"https:\/\/hangar.com.pt\/en\/wp-json\/wp\/v2\/media\/13791"}],"wp:attachment":[{"href":"https:\/\/hangar.com.pt\/en\/wp-json\/wp\/v2\/media?parent=13789"}],"wp:term":[{"taxonomy":"category","embeddable":true,"href":"https:\/\/hangar.com.pt\/en\/wp-json\/wp\/v2\/categories?post=13789"},{"taxonomy":"post_tag","embeddable":true,"href":"https:\/\/hangar.com.pt\/en\/wp-json\/wp\/v2\/tags?post=13789"}],"curies":[{"name":"wp","href":"https:\/\/api.w.org\/{rel}","templated":true}]}}