{"id":12050,"date":"2018-12-05T23:34:25","date_gmt":"2018-12-05T23:34:25","guid":{"rendered":"https:\/\/hangar.com.pt\/?p=12050"},"modified":"2022-10-02T11:40:45","modified_gmt":"2022-10-02T10:40:45","slug":"conversa-com-os-artistas-internacionais-e-a-curadora-cristiana-tejo","status":"publish","type":"post","link":"https:\/\/hangar.com.pt\/en\/conversa-com-os-artistas-internacionais-e-a-curadora-cristiana-tejo\/","title":{"rendered":"Conversa com os artistas internacionais e a curadora Cristiana Tejo"},"content":{"rendered":"<div class=\"wpb-content-wrapper\"><p>[vc_row][vc_column][vc_empty_space height=&#8221;5px&#8221;][vc_separator color=&#8221;black&#8221;][\/vc_column][\/vc_row][vc_row][vc_column width=&#8221;1\/2&#8243;][vc_column_text]HANGAR | TRIANGLE NETWORK 7th Edition<br \/>\nInternational Artist Workshop<br \/>\n\u201cFIELD WORKS\u201d<\/p>\n<p>PUBLIC PROGRAMME<br \/>\n6 December | Thursday | 6 pm<br \/>\nFREE ADMISSION[\/vc_column_text][\/vc_column][vc_column width=&#8221;1\/2&#8243;][vc_single_image image=&#8221;12051&#8243; img_size=&#8221;full&#8221;][vc_column_text]<\/p>\n<p style=\"text-align: center;\">\u00a9Nastaran Safaei<\/p>\n<p>[\/vc_column_text][\/vc_column][\/vc_row][vc_row][vc_column][vc_separator][vc_column_text]<\/p>\n<p style=\"text-align: justify;\">Talk with the international participant artists Irene de Andr\u00e9s (Ibiza) and Nastaran Safaei (Iran) with the curator Cristiana Tejo (Brazil\/Portugal)<\/p>\n<p style=\"text-align: justify;\"><strong>Irene de Andr\u00e9s<\/strong> (1986, Ibiza) is graduated in Fine Arts at Universidad Complutense of Madrid in 2009, with a Master degree in Research and Artistic Production. She has been one of the artist in residency at Escuela FLORA ars + natura, in Bogot\u00e1 (Artistic Residency Program sponsored by AC\/E) and at The Harbor \u2013 Beta Local, in San Juan, Puerto Rico. Irene\u2019s work is strongly related to the fact she grew up in one of the most desired tourist destinations, for people looking for sun, beaches and parties. A couple years ago, the artist finished a project related to five abandoned nightclubs in Ibiza, Donde nada ocurre (Where Nothing Happens), which approaches from different fields the outcome of the Island\u2019s tourism history. Now, she is exploring the analogies between tourism and colonization through the search of the predesigned paradise.<br \/>\nA selection of her grants and prizes include Circuitos de Artes Pl\u00e1sticas 2012, Generaciones 2013, Injuve 2014 and Ayudas a la Creaci\u00f3n Visual Vegap 2015 and Ciutat de Palma 2015. Recently, Irene\u2019s work has been shown at MuHKA (Museum of Contemporary Art of Antwerp), MACE (Museum of Contemorary art of Ibiza), IFA Galerie Berlin and in the Second Edition of Trienal de Frestas at Sesc Sorocaba (Brasil). Her last solo show took place at Espai 13 \u2013 Fundaci\u00f3n Joan Mir\u00f3, Barcelona.<\/p>\n<p style=\"text-align: justify;\"><strong>Nastaran Safaei<\/strong> (1984, Tehran, Iran). Beginning her journey as a sculptor by experimenting with pottery and clay in 2000 she was mostly self-taught in her experience until attending Parviz Tanavoli\u2019s first series of sculpting workshops in 2006 focusing on the Bronze technique which resulted in her first solo sculpture exhibition at Assar art gallery. The successful show made her a member of the association of Iranian sculptors. The main inspiration for her work is inner explorations of femininity by using mundane objects to express her experiences. She is deeply inspired by the mythological archetypes of Jung and the psychological methods of self-realization and ancient Iranian myths. Social and cultural issues influence her work deeply. She is currently working on the concept of time and the sub-conscious, focusing on the therapeutic aspect of her work in regards to her own psychological healing in relation to herself and the exterior. She regularly uses the human form to convey her ideas. Other than the Bronze technique, use of other materials in her works, which include Aluminum, Brass, Fiberglass, Papier-Mache and mixed media were all based on personal experimentation and experience.<\/p>\n<p style=\"text-align: justify;\"><strong>Cristiana Tejo<\/strong> is an independent curator, Ph.D. in Sociology (UFPE) and an integrated member of the Institute of Art History of the Universidade Nova de Lisboa. She is a researcher on the project &#8220;Artists and radical education in Latin America: 1960s\/1970s&#8221;, coordinated by the researchers Giulia Lamoni and Margarida Brito Alves. She organizes together with Kiki Mazzuchelli the Belojardim Residence, in the Agreste of Pernambuco. She was the co-founder of Espa\u00e7o Fonte \u2013 Center for Research in Art (Recife) and curator of the Made in Mirrors Project, which involved exchanges between artists from Brazil, China, Egypt and the Netherlands. She was general coordinator of Scientific and Cultural Capacity Building and Cultural Directorate of the Joaquim Nabuco Foundation and co-curator of the 32nd Panorama of Brazilian Art of MAM-SP, with Cau\u00ea Alves. She was Director of the Museum of Modern Art Alo\u00edsio Magalh\u00e3es, curator of Fine Arts of the Joaquim Nabuco Foundation (2002-2006), curator of the Rumos Artes Visuais of the Ita\u00fa Cultural (2005-2006), visiting curator of Malakoff Tower (2003-2006) and curator of the 46th Salon of Plastic Arts of Pernambuco (2004-2005). Among her recent curating works are Tomorrow is another day \u2013 M\u00f3nica de Miranda, at Galeria Carlos Carvalho (Lisbon), Landscape Time \u2013 Karina Dias (Caixa Cultural Bras\u00edlia) and Bruscky Invent&#8217;s (Dan Gunn Gallery, Berlin). She has participated in several selection and awarding commissions, among them: Bonnefanten Contemporary Art Prize 2014 (Maastricht, Netherlands), Videobrasil 2013, Solo Projects \u2013 Focus Latin America (ARCO Madrid, 2013), Rumos Artes Visuais of Argentina, among others. Published Paulo Bruscky \u2013 Arte em todos os sentidos (2009), Panorama do Pensamento Emergente (2011) and Salto no Escuro (2012). She organized the book Paulo Bruscky \u2013 Arte e multimeios (2014) and Cinco Dimens\u00f5es da Curadoria (2017). She contributes regularly to the magazines Select (Brazil) and Terremoto (Mexico). Lives and works between Recife and Lisbon.<\/p>\n<p style=\"text-align: justify;\">Photo: Nastaran Safaei<br \/>\nSupport: DGArtes and Gasworks<\/p>\n<p>[\/vc_column_text][\/vc_column][\/vc_row]<\/p>\n<\/div>","protected":false},"excerpt":{"rendered":"<p>December 6th 2018<\/p>\n","protected":false},"author":8,"featured_media":12052,"comment_status":"closed","ping_status":"closed","sticky":false,"template":"","format":"standard","meta":{"footnotes":""},"categories":[165,123],"tags":[242,286],"class_list":["post-12050","post","type-post","status-publish","format-standard","has-post-thumbnail","hentry","category-news","category-residencies-triangle-network","tag-2018-en","tag-previous"],"_links":{"self":[{"href":"https:\/\/hangar.com.pt\/en\/wp-json\/wp\/v2\/posts\/12050","targetHints":{"allow":["GET"]}}],"collection":[{"href":"https:\/\/hangar.com.pt\/en\/wp-json\/wp\/v2\/posts"}],"about":[{"href":"https:\/\/hangar.com.pt\/en\/wp-json\/wp\/v2\/types\/post"}],"author":[{"embeddable":true,"href":"https:\/\/hangar.com.pt\/en\/wp-json\/wp\/v2\/users\/8"}],"replies":[{"embeddable":true,"href":"https:\/\/hangar.com.pt\/en\/wp-json\/wp\/v2\/comments?post=12050"}],"version-history":[{"count":1,"href":"https:\/\/hangar.com.pt\/en\/wp-json\/wp\/v2\/posts\/12050\/revisions"}],"predecessor-version":[{"id":20489,"href":"https:\/\/hangar.com.pt\/en\/wp-json\/wp\/v2\/posts\/12050\/revisions\/20489"}],"wp:featuredmedia":[{"embeddable":true,"href":"https:\/\/hangar.com.pt\/en\/wp-json\/wp\/v2\/media\/12052"}],"wp:attachment":[{"href":"https:\/\/hangar.com.pt\/en\/wp-json\/wp\/v2\/media?parent=12050"}],"wp:term":[{"taxonomy":"category","embeddable":true,"href":"https:\/\/hangar.com.pt\/en\/wp-json\/wp\/v2\/categories?post=12050"},{"taxonomy":"post_tag","embeddable":true,"href":"https:\/\/hangar.com.pt\/en\/wp-json\/wp\/v2\/tags?post=12050"}],"curies":[{"name":"wp","href":"https:\/\/api.w.org\/{rel}","templated":true}]}}