{"id":11428,"date":"2018-07-24T21:39:46","date_gmt":"2018-07-24T20:39:46","guid":{"rendered":"https:\/\/hangar.com.pt\/?p=11428"},"modified":"2018-07-26T10:00:12","modified_gmt":"2018-07-26T09:00:12","slug":"edital-de-residencia-para-artistas-da-america-latina","status":"publish","type":"post","link":"https:\/\/hangar.com.pt\/en\/edital-de-residencia-para-artistas-da-america-latina\/","title":{"rendered":"EDITAL DE RESID\u00caNCIA PARA ARTISTAS DA AM\u00c9RICA LATINA"},"content":{"rendered":"<div class=\"wpb-content-wrapper\"><p>[vc_row][vc_column][vc_empty_space height=&#8221;5px&#8221;][vc_separator color=&#8221;black&#8221;][\/vc_column][\/vc_row][vc_row][vc_column][vc_column_text]<b>Deadline<\/b><\/p>\n<p>August 19th,\u00a0 2018<\/p>\n<p><strong>For more information:<\/strong><\/p>\n<ul>\n<li style=\"text-align: left;\"><a href=\"http:\/\/dex.unb.br\/normasepublicacoes\/category\/147-cal-residencias-para-artistas\">http:\/\/dex.unb.br\/normasepublicacoes\/category\/147-cal-residencias-para-artistas<\/a><\/li>\n<\/ul>\n<p class=\"m_-9060194589712905051gmail_msg\"><img loading=\"lazy\" decoding=\"async\" class=\"alignnone wp-image-11429 size-medium\" src=\"https:\/\/hangar.com.pt\/wp-content\/uploads\/2018\/07\/UnBDex-300x151.jpg\" alt=\"\" width=\"300\" height=\"151\" srcset=\"https:\/\/hangar.com.pt\/wp-content\/uploads\/2018\/07\/UnBDex-300x151.jpg 300w, https:\/\/hangar.com.pt\/wp-content\/uploads\/2018\/07\/UnBDex-600x302.jpg 600w, https:\/\/hangar.com.pt\/wp-content\/uploads\/2018\/07\/UnBDex-200x101.jpg 200w, https:\/\/hangar.com.pt\/wp-content\/uploads\/2018\/07\/UnBDex-50x25.jpg 50w, https:\/\/hangar.com.pt\/wp-content\/uploads\/2018\/07\/UnBDex.jpg 700w\" sizes=\"auto, (max-width: 300px) 100vw, 300px\" \/><\/p>\n<div class=\"_2cuy _3dgx _2vxa\">\n<div class=\"wpb_text_column wpb_content_element \">\n<div class=\"wpb_wrapper\">\n<div id=\"block-9e28cf88e5f552884bf7\" class=\"sqs-block html-block sqs-block-html\" data-block-type=\"2\">\n<div class=\"sqs-block-content\">\n<div class=\"page-column column-middle\">\n<div class=\"text header-info landscape\">\n<p>A Casa da Cultura da Am\u00e9rica Latina do Decanato de Extens\u00e3o da\u00a0\u00a0Universidade de Bras\u00edlia (CAL\/DEX\/UnB) e a Organiza\u00e7\u00e3o dos Estados Ibero-Americanos (OEI) lan\u00e7am hoje (16\/07), chamada p\u00fablica para o Programa de Resid\u00eancia Art\u00edstica Internacional (OCA). A iniciativa cultural e educativa vai reunir, no Brasil, artistas da Am\u00e9rica Latina e Caribe para promover troca de experi\u00eancia e trabalho conjunto, por um m\u00eas, em interven\u00e7\u00f5es art\u00edsticas que repensem o espa\u00e7o urbano. A medida visa promover a intera\u00e7\u00e3o das cidades da regi\u00e3o, a partir das artes. As inscri\u00e7\u00f5es est\u00e3o abertas at\u00e9 o dia 19 de agosto.<\/p>\n<p>&nbsp;<\/p>\n<p>\u201cA resid\u00eancia art\u00edstica \u00e9 uma iniciativa multidisciplinar que desperta a aten\u00e7\u00e3o da OEI por fortalecer o conhecimento, a compreens\u00e3o m\u00fatua, a integra\u00e7\u00e3o e a paz entre os povos ibero-americanos por meio da educa\u00e7\u00e3o e da cultura\u201d, afirma o diretor da OEI no Brasil, Raphael Callou.<\/p>\n<p>&nbsp;<\/p>\n<p>O tema de 2018 \u00e9 \u201cExperi\u00eancia e cidade na Am\u00e9rica Latina\u201d, voltado para as diversas linguagens art\u00edsticas das artes para repensar e debater espa\u00e7os urbanos. Podem concorrer artistas das diversas linguagens e express\u00f5es que trabalham com propostas nessa linha.<\/p>\n<p>&nbsp;<\/p>\n<p>De 24 de setembro a 24 de outubro, os selecionados se encontrar\u00e3o todos os dias na CAL, em Bras\u00edlia, para trabalhar juntos. O grupo ser\u00e1 acompanhado por curadores, visitar\u00e1 edif\u00edcios da capital federal, al\u00e9m de interagir com cidades no entorno de Bras\u00edlia.<\/p>\n<p>Por ser arquitetonicamente planejada, Bras\u00edlia retrata em seus tra\u00e7os um projeto urbano que busca materializar a arte e tamb\u00e9m uma vis\u00e3o de futuro \u2013 algo que se soma \u00e0 produ\u00e7\u00e3o de interven\u00e7\u00f5es com reflex\u00e3o sobre o tema da OCA.<\/p>\n<p>&nbsp;<\/p>\n<p>A participa\u00e7\u00e3o na resid\u00eancia art\u00edstica \u00e9 individual, aberto para pessoas com 18 anos de idade ou mais. Os crit\u00e9rios de sele\u00e7\u00e3o levam em conta o alinhamento da trajet\u00f3ria art\u00edstica dos proponentes ao tema da Convocat\u00f3ria.<\/p>\n<p>&nbsp;<\/p>\n<p>A resid\u00eancia art\u00edstica da CAL\/UnB e OEI diferencia-se de outras experi\u00eancias nessa \u00e1rea por acontecer dentro da universidade, um espa\u00e7o de intera\u00e7\u00e3o e discuss\u00e3o das artes.<\/p>\n<\/div>\n<\/div>\n<\/div>\n<\/div>\n<\/div>\n<\/div>\n<\/div>\n<p>[\/vc_column_text][\/vc_column][\/vc_row]<\/p>\n<\/div>","protected":false},"excerpt":{"rendered":"<p>Deadline: Augist 19th, 2018<\/p>\n","protected":false},"author":8,"featured_media":11429,"comment_status":"closed","ping_status":"closed","sticky":false,"template":"","format":"standard","meta":{"footnotes":""},"categories":[132],"tags":[],"class_list":["post-11428","post","type-post","status-publish","format-standard","has-post-thumbnail","hentry","category-opportunities"],"_links":{"self":[{"href":"https:\/\/hangar.com.pt\/en\/wp-json\/wp\/v2\/posts\/11428","targetHints":{"allow":["GET"]}}],"collection":[{"href":"https:\/\/hangar.com.pt\/en\/wp-json\/wp\/v2\/posts"}],"about":[{"href":"https:\/\/hangar.com.pt\/en\/wp-json\/wp\/v2\/types\/post"}],"author":[{"embeddable":true,"href":"https:\/\/hangar.com.pt\/en\/wp-json\/wp\/v2\/users\/8"}],"replies":[{"embeddable":true,"href":"https:\/\/hangar.com.pt\/en\/wp-json\/wp\/v2\/comments?post=11428"}],"version-history":[{"count":0,"href":"https:\/\/hangar.com.pt\/en\/wp-json\/wp\/v2\/posts\/11428\/revisions"}],"wp:featuredmedia":[{"embeddable":true,"href":"https:\/\/hangar.com.pt\/en\/wp-json\/wp\/v2\/media\/11429"}],"wp:attachment":[{"href":"https:\/\/hangar.com.pt\/en\/wp-json\/wp\/v2\/media?parent=11428"}],"wp:term":[{"taxonomy":"category","embeddable":true,"href":"https:\/\/hangar.com.pt\/en\/wp-json\/wp\/v2\/categories?post=11428"},{"taxonomy":"post_tag","embeddable":true,"href":"https:\/\/hangar.com.pt\/en\/wp-json\/wp\/v2\/tags?post=11428"}],"curies":[{"name":"wp","href":"https:\/\/api.w.org\/{rel}","templated":true}]}}