{"id":11012,"date":"2018-04-23T09:25:00","date_gmt":"2018-04-23T08:25:00","guid":{"rendered":"https:\/\/hangar.com.pt\/?p=11012"},"modified":"2018-05-03T22:09:00","modified_gmt":"2018-05-03T21:09:00","slug":"vila-sul-2019","status":"publish","type":"post","link":"https:\/\/hangar.com.pt\/en\/vila-sul-2019\/","title":{"rendered":"Vila Sul &#8211; Resid\u00eancia Art\u00edstica del Goeth Institut en Salvador da Bahia 2019"},"content":{"rendered":"<div class=\"wpb-content-wrapper\"><p>[vc_row][vc_column][vc_empty_space height=&#8221;5px&#8221;][vc_separator color=&#8221;black&#8221;][\/vc_column][\/vc_row][vc_row][vc_column][vc_column_text]<b>Deadline<\/b><\/p>\n<p>May 2nd, 2018<\/p>\n<p><strong>For more information:<\/strong><\/p>\n<ul>\n<li style=\"text-align: left;\"><a href=\"https:\/\/www.goethe.de\/ins\/br\/pt\/sta\/sal\/vil.html\">https:\/\/www.goethe.de\/ins\/br\/pt\/sta\/sal\/vil.html<\/a><\/li>\n<\/ul>\n<p class=\"m_-9060194589712905051gmail_msg\"><img loading=\"lazy\" decoding=\"async\" class=\"alignnone wp-image-11013 size-medium\" src=\"https:\/\/hangar.com.pt\/wp-content\/uploads\/2018\/04\/VilaSul2019-300x199.jpg\" alt=\"\" width=\"300\" height=\"199\" srcset=\"https:\/\/hangar.com.pt\/wp-content\/uploads\/2018\/04\/VilaSul2019-300x199.jpg 300w, https:\/\/hangar.com.pt\/wp-content\/uploads\/2018\/04\/VilaSul2019-600x399.jpg 600w, https:\/\/hangar.com.pt\/wp-content\/uploads\/2018\/04\/VilaSul2019-200x133.jpg 200w, https:\/\/hangar.com.pt\/wp-content\/uploads\/2018\/04\/VilaSul2019-50x33.jpg 50w, https:\/\/hangar.com.pt\/wp-content\/uploads\/2018\/04\/VilaSul2019.jpg 700w\" sizes=\"auto, (max-width: 300px) 100vw, 300px\" \/><\/p>\n<div class=\"_2cuy _3dgx _2vxa\"><span class=\"_4yxo\">Un programa de residencias destinado a intelectuales, artistas, investigadores y escritores cuya tem\u00e1tica de trabajo sea el SUR.<\/span><\/div>\n<div class=\"_2cuy _3dgx _2vxa\"><span class=\"_4yxo\">PRE-SELECCI\u00d3N ARGENTINA: convocatoria abierta hasta el 2 de mayo de 2018. Ver condiciones*<\/span><\/div>\n<div><\/div>\n<div class=\"_2cuy _3dgx _2vxa\">Emplazada en Salvador de Bah\u00eda, Brasil, Vila Sul es la primera residencia art\u00edstica del Goethe-Institut en el hemisferio Sur. Y el Sur no es en este caso un mero indicador geogr\u00e1fico: la residencia de dos meses de duraci\u00f3n est\u00e1 destinada a intelectuales, artistas, investigadores y escritores cuya tem\u00e1tica de trabajo sea genuinamente el Sur global: como lugar, pero tambi\u00e9n como concepto. La residencia se propone revitalizar el di\u00e1logo Sur-Sur, y tambi\u00e9n con el Norte, pero repensando permanentemente las estructuras sociales y de poder, y fortaleciendo las epistemolog\u00edas del Sur.<\/div>\n<div><\/div>\n<div class=\"_2cuy _3dgx _2vxa\">No se espera de los residentes un \u201cresultado\u201d, sino la disposici\u00f3n al intercambio abierto con los dem\u00e1s residentes y con la escena local de Salvador de Bah\u00eda, y la perspectiva de realizar proyectos de colaboraci\u00f3n. En este sentido, se comprometen a participar en, por lo menos, dos actividades p\u00fablicas organizadas por el Goethe-Institut en Salvador de Bah\u00eda.<\/div>\n<div><\/div>\n<div class=\"_2cuy _3dgx _2vxa\">Los residentes acceder\u00e1n a un loft independiente y a una cocina com\u00fan; tendr\u00e1n cubierto el pasaje a\u00e9reo ida y vuelta y recibir\u00e1n una beca de 1500 Euros mensuales. En determinados casos, se podr\u00e1n cubrir moderadamente gastos de producci\u00f3n de obra.<\/div>\n<div><\/div>\n<div class=\"_2cuy _3dgx _2vxa\"><span class=\"_4yxo\">*El Goethe-Institut Argentina propondr\u00e1 uno de los proyectos a un jurado internacional, que estar\u00e1 a cargo de la selecci\u00f3n final para el a\u00f1o 2019. As\u00ed, convoca a intelectuales, artistas de cualquier disciplina, investigadores y escritores sin l\u00edmite de edad, residentes en la Rep\u00fablica Argentina, a enviar su propuesta de trabajo hasta el 2 de mayo de 2018. Se ruega enviar a <\/span><a href=\"mailto:info-buenosaires@goethe.de\"><span class=\"_4yxo\">info-buenosaires@goethe.de<\/span><\/a><span class=\"_4yxo\"> los siguientes documentos: 1) curriculum vitae que incluya datos personales y que no supere las 4 (cuatro) carillas; 2) una propuesta de trabajo que no supere las 2 (dos) carillas. Indicar asimismo cuatro bimestres posibles durante 2019 para realizar la residencia. No se tomar\u00e1n en cuentan candidaturas que no respeten estas consignas. <\/span><\/div>\n<div class=\"_2cuy _3dgx _2vxa\"><span class=\"_4yxo\">M\u00e1s informaci\u00f3n sobre Vila Sul <\/span><a href=\"https:\/\/lm.facebook.com\/l.php?u=https%3A%2F%2Fgoo.gl%2Fh84Ey1&amp;h=ATPhm3qEdy3FXOI0Swn-iO-7pZPU7ATvMbq8knDlSfu3_1sc6yRK7gQO0zCtsLHVXyYNoeG8aIszMgQ6_u7ynfrLfkvIJysekBSlQYcsr8cRTlrfn2w\" target=\"_blank\" rel=\"noopener\" data-sigil=\"MLynx_asynclazy\"><span class=\"_4yxo\">https:\/\/goo.gl\/h84Ey1<\/span><\/a><\/div>\n<p>[\/vc_column_text][\/vc_column][\/vc_row]<\/p>\n<\/div>","protected":false},"excerpt":{"rendered":"<p>Deadline: May 2nd, 2018<\/p>\n","protected":false},"author":8,"featured_media":11013,"comment_status":"closed","ping_status":"closed","sticky":false,"template":"","format":"standard","meta":{"footnotes":""},"categories":[132],"tags":[],"class_list":["post-11012","post","type-post","status-publish","format-standard","has-post-thumbnail","hentry","category-opportunities"],"_links":{"self":[{"href":"https:\/\/hangar.com.pt\/en\/wp-json\/wp\/v2\/posts\/11012","targetHints":{"allow":["GET"]}}],"collection":[{"href":"https:\/\/hangar.com.pt\/en\/wp-json\/wp\/v2\/posts"}],"about":[{"href":"https:\/\/hangar.com.pt\/en\/wp-json\/wp\/v2\/types\/post"}],"author":[{"embeddable":true,"href":"https:\/\/hangar.com.pt\/en\/wp-json\/wp\/v2\/users\/8"}],"replies":[{"embeddable":true,"href":"https:\/\/hangar.com.pt\/en\/wp-json\/wp\/v2\/comments?post=11012"}],"version-history":[{"count":0,"href":"https:\/\/hangar.com.pt\/en\/wp-json\/wp\/v2\/posts\/11012\/revisions"}],"wp:featuredmedia":[{"embeddable":true,"href":"https:\/\/hangar.com.pt\/en\/wp-json\/wp\/v2\/media\/11013"}],"wp:attachment":[{"href":"https:\/\/hangar.com.pt\/en\/wp-json\/wp\/v2\/media?parent=11012"}],"wp:term":[{"taxonomy":"category","embeddable":true,"href":"https:\/\/hangar.com.pt\/en\/wp-json\/wp\/v2\/categories?post=11012"},{"taxonomy":"post_tag","embeddable":true,"href":"https:\/\/hangar.com.pt\/en\/wp-json\/wp\/v2\/tags?post=11012"}],"curies":[{"name":"wp","href":"https:\/\/api.w.org\/{rel}","templated":true}]}}