{"id":10229,"date":"2018-03-01T17:57:44","date_gmt":"2018-03-01T17:57:44","guid":{"rendered":"https:\/\/hangar.com.pt\/?p=10229"},"modified":"2022-10-02T11:40:58","modified_gmt":"2022-10-02T10:40:58","slug":"ateliers-livres-pascoa-no-mini-hangar-2018","status":"publish","type":"post","link":"https:\/\/hangar.com.pt\/en\/ateliers-livres-pascoa-no-mini-hangar-2018\/","title":{"rendered":"ATELIERS LIVRES | P\u00c1SCOA NO MINI-HANGAR"},"content":{"rendered":"<div class=\"wpb-content-wrapper\"><p>[vc_row][vc_column][vc_empty_space height=&#8221;5px&#8221;][vc_separator color=&#8221;black&#8221;][\/vc_column][\/vc_row][vc_row][vc_column width=&#8221;2\/3&#8243;][vc_column_text]<strong>ATELIER LIVRE | MAPAS DA PAISAGEM\u00a0<\/strong><\/p>\n<p>Neste Atelier propomos percorrer o dentro e o fora, o perto e o longe, o real e a fic\u00e7\u00e3o, e construir diferentes mapas que registem os nossos passos e descobertas.<br \/>\nAo longo da semana criaremos paisagens, de n\u00f3s e dos outros, de lugares por onde passamos e daqueles em que nos demoramos. Vamos seguir as pistas e tra\u00e7ar caminhos, desenhar novos espa\u00e7os e estabelecer pontes, que ativem e aprofundem a rela\u00e7\u00e3o com tudo o que nos envolve.[\/vc_column_text][\/vc_column][vc_column width=&#8221;1\/3&#8243;][vc_single_image image=&#8221;10230&#8243; img_size=&#8221;full&#8221;][\/vc_column][\/vc_row][vc_row][vc_column][vc_custom_heading text=&#8221;Detalhes&#8221; font_container=&#8221;tag:h4|text_align:left&#8221; use_theme_fonts=&#8221;yes&#8221;][vc_separator color=&#8221;black&#8221;][\/vc_column][\/vc_row][vc_row][vc_column width=&#8221;1\/2&#8243;][vc_column_text]<strong>Data e Hora:<\/strong> 2 a 6 de Abril 2018<br \/>\nSegunda a Sexta | 9h30 \u00e0s 17h00<br \/>\n<strong>P\u00fablico-alvo:<\/strong> 5 aos 12 anos<br \/>\n<strong>Local:<\/strong> MINI-HANGAR |\u00a0Rua Damasceno Monteiro, 12\u00a0(Gra\u00e7a)<br \/>\n<strong>Inscri\u00e7\u00f5es:<\/strong>\u00a0geral@hangar.com.pt\u00a0| 21 887 1481<br \/>\n<strong>Concep\u00e7\u00e3o e Orienta\u00e7\u00e3o:<\/strong> Ana Teresa Magalh\u00e3es para Andaime Cooperativa Cultural[\/vc_column_text][\/vc_column][vc_column width=&#8221;1\/2&#8243;][vc_column_text]PRE\u00c7OS:<br \/>\n1 semana: 90 \u20ac \/ crian\u00e7a<br \/>\n1 dia: 20 \u20ac \/ crian\u00e7a<br \/>\n1\/2 dia: 10\u20ac \/ crian\u00e7a<br \/>\nInclui materiais e seguro de acidentes pessoais.<\/p>\n<p>Desconto de 20% para irm\u00e3os e para inscri\u00e7\u00e3o em mais que uma semana.<br \/>\nDesconto de 20% para s\u00f3cios.<\/p>\n<p>Alimenta\u00e7\u00e3o (opcional) 40\u20ac semana \/ crian\u00e7a (almo\u00e7o e lanche da tarde &#8211; comida saud\u00e1vel da A Li no Hangar )<\/p>\n<p>M\u00ednimo 7 participantes l m\u00e1ximo 12 participantes<br \/>\nO MINI-HANGAR reserva-se o direito de n\u00e3o realizar a actividade caso n\u00e3o se atinja o n\u00ba m\u00ednimo de inscri\u00e7\u00f5es.[\/vc_column_text][\/vc_column][\/vc_row][vc_row][vc_column][vc_custom_heading text=&#8221;Concep\u00e7\u00e3o e Orienta\u00e7\u00e3o&#8221; font_container=&#8221;tag:h4|text_align:left&#8221; use_theme_fonts=&#8221;yes&#8221;][vc_separator color=&#8221;black&#8221;][vc_column_text]<\/p>\n<p><strong>ANDAIME<\/strong><\/p>\n<p>Quem \u00e9 a Andaime? Formada no ver\u00e3o de 2016, a Andaime \u00e9 uma cooperativa cultural que atua em tr\u00eas grandes eixos: Arte, Ambiente e Educa\u00e7\u00e3o. \u00c9 formada por uma equipa de artistas pl\u00e1sticas com experi\u00eancia nas \u00e1reas da educa\u00e7\u00e3o art\u00edstica e ambiental, com trabalho desenvolvido em escolas, servi\u00e7os educativos de museus, centros de arte, espa\u00e7os culturais e bairros sociais. A Andaime nasceu de quem acredita que a educa\u00e7\u00e3o ambiental e art\u00edstica s\u00e3o vias prof\u00edcuas para a consciencializa\u00e7\u00e3o da necessidade de proteger o meio ambiente e o patrim\u00f3nio cultural em prol do desenvolvimento saud\u00e1vel dos indiv\u00edduos e da sustentabilidade do Planeta.<\/p>\n<p>ANDAIME COOPERATIVA CULTURAL | Email: <a href=\"mailto:andaimecooperativacultural@gmail.com\" target=\"_blank\" rel=\"noopener noreferrer\">andaimecooperativacultural@<wbr \/>gmail.com<\/a> | Tlm: 917924862\/ 934490950<\/p>\n<div class=\"m_-7798524411133956146gmail-vc_row m_-7798524411133956146gmail-wpb_row m_-7798524411133956146gmail-vc_row-fluid\"><\/div>\n<p>[\/vc_column_text][\/vc_column][\/vc_row]<\/p>\n<\/div>","protected":false},"excerpt":{"rendered":"<p>April 2nd to 6th 2018<\/p>\n","protected":false},"author":8,"featured_media":21037,"comment_status":"closed","ping_status":"closed","sticky":false,"template":"","format":"standard","meta":{"footnotes":""},"categories":[159,165],"tags":[242,286],"class_list":["post-10229","post","type-post","status-publish","format-standard","has-post-thumbnail","hentry","category-mini-hangar-en","category-news","tag-2018-en","tag-previous"],"_links":{"self":[{"href":"https:\/\/hangar.com.pt\/en\/wp-json\/wp\/v2\/posts\/10229","targetHints":{"allow":["GET"]}}],"collection":[{"href":"https:\/\/hangar.com.pt\/en\/wp-json\/wp\/v2\/posts"}],"about":[{"href":"https:\/\/hangar.com.pt\/en\/wp-json\/wp\/v2\/types\/post"}],"author":[{"embeddable":true,"href":"https:\/\/hangar.com.pt\/en\/wp-json\/wp\/v2\/users\/8"}],"replies":[{"embeddable":true,"href":"https:\/\/hangar.com.pt\/en\/wp-json\/wp\/v2\/comments?post=10229"}],"version-history":[{"count":4,"href":"https:\/\/hangar.com.pt\/en\/wp-json\/wp\/v2\/posts\/10229\/revisions"}],"predecessor-version":[{"id":21047,"href":"https:\/\/hangar.com.pt\/en\/wp-json\/wp\/v2\/posts\/10229\/revisions\/21047"}],"wp:featuredmedia":[{"embeddable":true,"href":"https:\/\/hangar.com.pt\/en\/wp-json\/wp\/v2\/media\/21037"}],"wp:attachment":[{"href":"https:\/\/hangar.com.pt\/en\/wp-json\/wp\/v2\/media?parent=10229"}],"wp:term":[{"taxonomy":"category","embeddable":true,"href":"https:\/\/hangar.com.pt\/en\/wp-json\/wp\/v2\/categories?post=10229"},{"taxonomy":"post_tag","embeddable":true,"href":"https:\/\/hangar.com.pt\/en\/wp-json\/wp\/v2\/tags?post=10229"}],"curies":[{"name":"wp","href":"https:\/\/api.w.org\/{rel}","templated":true}]}}