{"id":8545,"date":"2017-09-10T08:36:48","date_gmt":"2017-09-10T07:36:48","guid":{"rendered":"http:\/\/hangar.com.pt\/?p=8545"},"modified":"2025-07-13T15:13:08","modified_gmt":"2025-07-13T14:13:08","slug":"talk-with-irit-rogoff","status":"publish","type":"post","link":"http:\/\/hangar.com.pt\/en\/talk-with-irit-rogoff\/","title":{"rendered":"TALK WITH IRIT ROGOFF"},"content":{"rendered":"<div class=\"wpb-content-wrapper\"><p>[vc_row][vc_column][vc_empty_space height=&#8221;5px&#8221;][vc_separator color=&#8221;black&#8221;][\/vc_column][\/vc_row][vc_row][vc_column width=&#8221;2\/3&#8243;][vc_empty_space][vc_column_text]TALK WITH IRIT ROGOFF<\/p>\n<p><strong>Organized by:<\/strong> M\u00f3nica de Miranda<\/p>\n<p><strong>Date: <\/strong>October 20th, 2017 (Friday), 7pm<\/p>\n<p><strong>Address:<\/strong>\u00a0Rua Damasceno Monteiro, 12 \u2013 Gra\u00e7a.<\/p>\n<p>FREE ADMISSION[\/vc_column_text][\/vc_column][vc_column width=&#8221;1\/3&#8243;][vc_single_image image=&#8221;8546&#8243; img_size=&#8221;full&#8221;][vc_column_text]<em>Burak Arikan, Network Map of Artists and Political Inclinations, 7th\u00a0Berlin Biennale.<\/em>[\/vc_column_text][\/vc_column][\/vc_row][vc_row][vc_column][vc_custom_heading text=&#8221;DETALHES&#8221; font_container=&#8221;tag:h4|text_align:left&#8221; use_theme_fonts=&#8221;yes&#8221;][vc_separator color=&#8221;black&#8221;][vc_column_text]&#8221;Scaling Up &#8211; Local Densities and Global Art Circulations\u201d<\/p>\n<p>There are now very rich and dense art histories and local practices that engage with the specificity of place, historical designation and particular social, political and cultural formations. Once these begin to circulate widely they are reduced to a simple signifying language that can be accommodated by an international art world. In this talk the problematic we are looking at here is that one cannot reproduce the entirety of local specificity as the work circulates and at the same time one needs to find some form that does signify internationally. What tools do we have at our disposal to rethink this dual modality of arts global circulations?[\/vc_column_text][vc_column_text]<\/p>\n<h5>Biography<\/h5>\n<p>Irit Rogoff is a writer, educator and curator.\u00a0 She is Professor of Visual Culture at Goldsmiths, University of London, at the department she founded in 2002. Rogoff works at the meeting ground between contemporary practices, politics and philosophy. Her current work is on new practices of knowledge production and their impact on modes of research, under the title of \u201cThe Way We Work Now\u201d (forthcoming). As part of the collective freethought Rogoff was one of the artistic directors of the Norwegian Triennial \u201cThe Bergen Assembly, September, 2016.[\/vc_column_text][vc_separator][vc_column_text]Scientific coordination and organized by M\u00f3nica de Miranda<br \/>\n<a href=\"https:\/\/hangar.com.pt\/portfolios\/pos-arquivo\/\" data-saferedirecturl=\"https:\/\/www.google.com\/url?q=https:\/\/hangar.com.pt\/portfolios\/pos-arquivo\/&amp;source=gmail&amp;ust=1638997476171000&amp;usg=AOvVaw0ADji2daQG_chqYZyEI5Gk\">This project is part of the project \u00a0Post-Archive<\/a>:\u00a0Politics of Memory, Place and Identity, CITCOM-CEC-FLUL<br \/>\nThis project was produced with national funding from the FCT-Funda\u00e7\u00e3o para a Ci\u00eancia e a Tecnologia, I.P. under the project UIDB\/00509\/2020.[\/vc_column_text][\/vc_column][\/vc_row]<\/p>\n<\/div>","protected":false},"excerpt":{"rendered":"<p>Date: October 20th, 2017 (Friday), 7pm <br \/>\nEntrada Livre<\/p>\n","protected":false},"author":8,"featured_media":8547,"comment_status":"closed","ping_status":"closed","sticky":false,"template":"","format":"standard","meta":{"footnotes":""},"categories":[165,184,163],"tags":[243,286],"class_list":["post-8545","post","type-post","status-publish","format-standard","has-post-thumbnail","hentry","category-news","category-post-archive","category-research","tag-2017-en","tag-previous"],"_links":{"self":[{"href":"http:\/\/hangar.com.pt\/en\/wp-json\/wp\/v2\/posts\/8545","targetHints":{"allow":["GET"]}}],"collection":[{"href":"http:\/\/hangar.com.pt\/en\/wp-json\/wp\/v2\/posts"}],"about":[{"href":"http:\/\/hangar.com.pt\/en\/wp-json\/wp\/v2\/types\/post"}],"author":[{"embeddable":true,"href":"http:\/\/hangar.com.pt\/en\/wp-json\/wp\/v2\/users\/8"}],"replies":[{"embeddable":true,"href":"http:\/\/hangar.com.pt\/en\/wp-json\/wp\/v2\/comments?post=8545"}],"version-history":[{"count":1,"href":"http:\/\/hangar.com.pt\/en\/wp-json\/wp\/v2\/posts\/8545\/revisions"}],"predecessor-version":[{"id":19902,"href":"http:\/\/hangar.com.pt\/en\/wp-json\/wp\/v2\/posts\/8545\/revisions\/19902"}],"wp:featuredmedia":[{"embeddable":true,"href":"http:\/\/hangar.com.pt\/en\/wp-json\/wp\/v2\/media\/8547"}],"wp:attachment":[{"href":"http:\/\/hangar.com.pt\/en\/wp-json\/wp\/v2\/media?parent=8545"}],"wp:term":[{"taxonomy":"category","embeddable":true,"href":"http:\/\/hangar.com.pt\/en\/wp-json\/wp\/v2\/categories?post=8545"},{"taxonomy":"post_tag","embeddable":true,"href":"http:\/\/hangar.com.pt\/en\/wp-json\/wp\/v2\/tags?post=8545"}],"curies":[{"name":"wp","href":"https:\/\/api.w.org\/{rel}","templated":true}]}}