{"id":7065,"date":"2017-02-10T11:35:51","date_gmt":"2017-02-10T11:35:51","guid":{"rendered":"http:\/\/hangar.com.pt\/en\/?p=7065"},"modified":"2022-10-02T12:10:51","modified_gmt":"2022-10-02T11:10:51","slug":"ateliers-livres-programa-paralelo-a-exposicao-cubismo-ideologico-carlos-amorales","status":"publish","type":"post","link":"http:\/\/hangar.com.pt\/en\/ateliers-livres-programa-paralelo-a-exposicao-cubismo-ideologico-carlos-amorales\/","title":{"rendered":"ATELIERS LIVRES | PROGRAMA PARALELO \u00c0 EXPOSI\u00c7\u00c3O CUBISMO IDEOL\u00d3GICO |  CARLOS AMORALES"},"content":{"rendered":"<div class=\"wpb-content-wrapper\"><p>[vc_row][vc_column][vc_empty_space height=&#8221;5px&#8221;][vc_separator color=&#8221;black&#8221;][\/vc_column][\/vc_row][vc_row][vc_column width=&#8221;2\/3&#8243;][vc_column_text]<strong>Concep\u00e7\u00e3o e Orienta\u00e7\u00e3o<\/strong>: Ana de Almeida e Ingrid Fortez<\/p>\n<p><strong>Crian\u00e7as \/ Famil\u00edas<\/strong><br \/>\n5 aos 14 anos l S\u00e1bado 18 Mar\u00e7o 2017<br \/>\n15h \u00e0s 18h<\/p>\n<p><strong>Local:<\/strong> MINI-HANGAR | Rua Damasceno Monteiro, 12 (Gra\u00e7a)<\/p>\n<p><strong>Inscri\u00e7\u00f5es:<\/strong> ana.almeida@hangar.com.pt | geral@hangar.com.pt | 21 887 1481 l<\/p>\n<p><strong>Pre\u00e7o:<\/strong> 4 euros \u2013 Todos os materiais est\u00e3o inclu\u00eddos no pre\u00e7o[\/vc_column_text][\/vc_column][vc_column width=&#8221;1\/3&#8243;][vc_single_image image=&#8221;7064&#8243; img_size=&#8221;full&#8221;][\/vc_column][\/vc_row][vc_row][vc_column][vc_custom_heading text=&#8221;CONCEP\u00c7\u00c3O E ORIENTA\u00c7\u00c3O&#8221; font_container=&#8221;tag:h4|text_align:left&#8221; use_theme_fonts=&#8221;yes&#8221;][vc_separator color=&#8221;black&#8221;][vc_column_text]<\/p>\n<h4 style=\"text-align: justify;\">Ana de Almeida<\/h4>\n<p style=\"text-align: justify;\">Formada em Fotografia e Comunica\u00e7\u00e3o pela London College of Communication e em \u201cNew art\u201d, arte experimental a n\u00edvel fotogr\u00e1fico, pelo Chelsea College of Art&amp;Design, Londres. Trabalhou durante dois anos como professora de Arte e Educa\u00e7\u00e3o de minorias \u00e9tnicas da Clapham Manor Primary School em Londres. Orientou v\u00e1rias workshops de fotografia com crian\u00e7as e jovens, intitulados \u201clet\u2019s make pictures that you can play and feel with\u201c em v\u00e1rias escola e institui\u00e7\u00f5es em Londres. \u00c9 co-fundadora da Sociedade Lomogr\u00e1fica em Portugal, movimento art\u00edstico internacional de fotografia anal\u00f3gica, onde desenvolve v\u00e1rios projectos fotogr\u00e1ficos a n\u00edvel nacional e internacional como participante, formadora e produtora.<\/p>\n<h4 style=\"text-align: justify;\">Ingrid Fortez<\/h4>\n<p style=\"text-align: justify;\">Licenciada em Estudos Art\u00edsticos pela Faculdade de Letras (UL), variante de Artes de Espect\u00e1culo, frequenta a p\u00f3s-gradua\u00e7\u00e3o em Comunica\u00e7\u00e3o de Tend\u00eancias (FLUL); trabalha com m\u00fasica e poesia (com Dead Combo, Social Smokers, SirScratch, Cabace\u2026; como diseur para Mar de Letras e Um poema por Semana \u2013 RTP2\/\u00c1frica) teatro e performance (Direc\u00e7\u00e3o e Cria\u00e7\u00e3o de Vanessa, launch do grupo Griot Teatro, \u00e9 pupila em encena\u00e7\u00e3o de Rog\u00e9rio de Carvalho); produz profissionalmente eventos culturais ou de informa\u00e7\u00e3o cultural desde 2006 (para Sons da Lusofonia, Subfilmes\/SicNot\u00edcias e Internacional, Chapit\u00f4, Serralves, S\u00e3o Lu\u00edz, LeCool Magazine\u2026). Nos \u00faltimos 7 anos coordenou Atividades de Tempos Livres e Programas de F\u00e9rias com o Agrupamento Nuno Gon\u00e7alves e, mais recentemente, para o Col\u00e9gio Leonardo Da Vinci \u2013 Luanda- desenvolvendo um trabalho no \u00e2mbito da forma\u00e7\u00e3o e Express\u00e3o Musical, Inicia\u00e7\u00e3o \u00e0 Pr\u00e1tica Teatral e Performance, bem como, desenvolvendo atividades no \u00e2mbito da Educa\u00e7\u00e3o Ecol\u00f3gica e atividades em contexto de Biblioteca Escolar (coordenadora; organizadora de feiras de livros, tert\u00falias com autores de literatura infanto-juvenil, oficinas de Express\u00e3o Escrita\u2026).<\/p>\n<p>[\/vc_column_text][\/vc_column][\/vc_row]<\/p>\n<\/div>","protected":false},"excerpt":{"rendered":"<p>March 18th 2017<\/p>\n","protected":false},"author":8,"featured_media":7064,"comment_status":"closed","ping_status":"closed","sticky":false,"template":"","format":"standard","meta":{"footnotes":""},"categories":[159,165],"tags":[243,286],"class_list":["post-7065","post","type-post","status-publish","format-standard","has-post-thumbnail","hentry","category-mini-hangar-en","category-news","tag-2017-en","tag-previous"],"_links":{"self":[{"href":"http:\/\/hangar.com.pt\/en\/wp-json\/wp\/v2\/posts\/7065","targetHints":{"allow":["GET"]}}],"collection":[{"href":"http:\/\/hangar.com.pt\/en\/wp-json\/wp\/v2\/posts"}],"about":[{"href":"http:\/\/hangar.com.pt\/en\/wp-json\/wp\/v2\/types\/post"}],"author":[{"embeddable":true,"href":"http:\/\/hangar.com.pt\/en\/wp-json\/wp\/v2\/users\/8"}],"replies":[{"embeddable":true,"href":"http:\/\/hangar.com.pt\/en\/wp-json\/wp\/v2\/comments?post=7065"}],"version-history":[{"count":1,"href":"http:\/\/hangar.com.pt\/en\/wp-json\/wp\/v2\/posts\/7065\/revisions"}],"predecessor-version":[{"id":21051,"href":"http:\/\/hangar.com.pt\/en\/wp-json\/wp\/v2\/posts\/7065\/revisions\/21051"}],"wp:featuredmedia":[{"embeddable":true,"href":"http:\/\/hangar.com.pt\/en\/wp-json\/wp\/v2\/media\/7064"}],"wp:attachment":[{"href":"http:\/\/hangar.com.pt\/en\/wp-json\/wp\/v2\/media?parent=7065"}],"wp:term":[{"taxonomy":"category","embeddable":true,"href":"http:\/\/hangar.com.pt\/en\/wp-json\/wp\/v2\/categories?post=7065"},{"taxonomy":"post_tag","embeddable":true,"href":"http:\/\/hangar.com.pt\/en\/wp-json\/wp\/v2\/tags?post=7065"}],"curies":[{"name":"wp","href":"https:\/\/api.w.org\/{rel}","templated":true}]}}