{"id":26023,"date":"2024-07-04T19:03:20","date_gmt":"2024-07-04T18:03:20","guid":{"rendered":"https:\/\/hangar.com.pt\/?p=26023"},"modified":"2024-07-04T19:03:20","modified_gmt":"2024-07-04T18:03:20","slug":"open-call-affective-ecologies","status":"publish","type":"post","link":"http:\/\/hangar.com.pt\/en\/open-call-affective-ecologies\/","title":{"rendered":"OPEN CALL | Affective Ecologies"},"content":{"rendered":"<div class=\"wpb-content-wrapper\"><p>[vc_row][vc_column][vc_empty_space height=&#8221;5px&#8221;][vc_separator color=&#8221;black&#8221;][\/vc_column][\/vc_row][vc_row][vc_column width=&#8221;1\/2&#8243;][vc_column_text]<strong>Affective Ecologies<\/strong><\/p>\n<p><strong>Uma Resid\u00eancia Art\u00edstica sobre a relev\u00e2ncia atual do pensamento de Am\u00edlcar Cabral<\/strong><\/p>\n<p>Ser\u00e3o selecionados quatro (4) artistas por um j\u00fari do programa, constitu\u00eddo por curadores e artistas. Os crit\u00e9rios de sele\u00e7\u00e3o dos candidatos ser\u00e3o os seguintes:<\/p>\n<p>&#8211; Qualidade e consist\u00eancia na pr\u00e1tica art\u00edstica;<\/p>\n<p>&#8211; Relev\u00e2ncia do trabalho desenvolvido para o tema do projeto;<\/p>\n<p>&#8211; Idade entre os 25 e os 35;<\/p>\n<p>&#8211; Ter uma ou mais das seguintes nacionalidades: Angola, Cabo Verde, Guin\u00e9-Bissau, Mo\u00e7ambique ou S\u00e3o Tom\u00e9 e Pr\u00edncipe. O artista pode residir fora do seu pa\u00eds de origem;<\/p>\n<p>&#8211; Disponibilidade para participar em todas as atividades previstas no calend\u00e1rio do projeto;<\/p>\n<p>&#8211; Preencher e submeter a candidatura, atrav\u00e9s do formul\u00e1rio, dentro do prazo estabelecido.<\/p>\n<p><strong>Calend\u00e1rio (2024)<\/strong><\/p>\n<p>Rece\u00e7\u00e3o de candidaturas | 18 de junho a 18 de julho<\/p>\n<p>Comunica\u00e7\u00e3o dos resultados | durante o m\u00eas de agosto<\/p>\n<p>Per\u00edodo de resid\u00eancia e apresenta\u00e7\u00e3o p\u00fablica | 1 a 15 de outubro<\/p>\n<p><strong>Condi\u00e7\u00f5es oferecidas<\/strong><\/p>\n<p>&#8211; Apoio \u00e0 cria\u00e7\u00e3o no valor de 725 euros<\/p>\n<p>&#8211; Apoio \u00e0 produ\u00e7\u00e3o de obras no valor de 500 euros<\/p>\n<p>&#8211; Viagem, alojamento, alimenta\u00e7\u00e3o e despesas de desloca\u00e7\u00e3o<\/p>\n<p><strong>Equidade, diversidade e igualdade<\/strong><\/p>\n<p>Os artistas s\u00e3o selecionados numa l\u00f3gica de paridade entre as suas diferentes interseccionalidades, compreendendo os diversos n\u00edveis de experi\u00eancia e carreira, sendo o objetivo reunir artistas jovens com diferentes experi\u00eancias e anos de carreira no setor art\u00edstico.<\/p>\n<p><strong>J\u00fari e Cl\u00e1usula de salvaguarda<\/strong><\/p>\n<p>&#8211; O j\u00fari do concurso \u00e9 constitu\u00eddo por membros do Hangar e da Funda\u00e7\u00e3o Calouste Gulbenkian e sua decis\u00e3o \u00e9 irrevog\u00e1vel.<\/p>\n<p>&#8211; Ao submeterem a candidatura, os candidatos declaram ter conhecimento e aceitarem as condi\u00e7\u00f5es deste regulamento.<\/p>\n<p>Link para inscri\u00e7\u00e3o <a href=\"https:\/\/docs.google.com\/forms\/d\/e\/1FAIpQLSe41HjtfVx8fQqTTVEzK6NzHxFKFywWwPv-NTrGyNilHMyTbw\/viewform\">https:\/\/docs.google.com\/forms\/d\/e\/1FAIpQLSe41HjtfVx8fQqTTVEzK6NzHxFKFywWwPv-NTrGyNilHMyTbw\/viewform<\/a>[\/vc_column_text][vc_empty_space][\/vc_column][vc_column width=&#8221;1\/2&#8243;][vc_single_image image=&#8221;26024&#8243; img_size=&#8221;full&#8221;][\/vc_column][\/vc_row][vc_row][vc_column][vc_separator color=&#8221;black&#8221;][vc_column_text]Num ano em que se celebra os 50 anos do 25 de Abril, torna-se fundamental destacar as lutas anticoloniais que contribu\u00edram para o fim da ditadura em Portugal. Atrav\u00e9s de seus pensamentos, o agr\u00f3nomo e l\u00edder das lutas de liberta\u00e7\u00e3o na Guin\u00e9-Bissau e Cabo Verde, Am\u00edlcar Cabral apresenta ferramentas de decoloniza\u00e7\u00e3o atemporais, relevando o elo entre o passado e o futuro, partilhando com in\u00fameras gera\u00e7\u00f5es conceitos que reafirmam a mem\u00f3ria das lutas contra o colonialismo e racismo.<\/p>\n<p>No seio deste legado de resist\u00eancia, nasce o projeto AFFECTIVE ECOLOGIES.<\/p>\n<p>Esta resid\u00eancia convida os artistas a explorarem as ideias de Am\u00edlcar Cabral que assentam na interliga\u00e7\u00e3o da regenera\u00e7\u00e3o ecol\u00f3gica, social e pol\u00edtica.<\/p>\n<p>O programa \u00e9 dedicado a artistas visuais, naturais de Angola, Cabo Verde, Guin\u00e9-Bissau, Mo\u00e7ambique e\/ou S\u00e3o Tom\u00e9 e Pr\u00edncipe, com idades compreendidas entre os 25 e os 35 anos.<\/p>\n<p>A resid\u00eancia art\u00edstica ter\u00e1 a dura\u00e7\u00e3o de 10 dias e realiza-se durante o m\u00eas de outubro de 2024 no HANGAR &#8211; Centro de Investiga\u00e7\u00e3o Art\u00edstica, com o apoio da Funda\u00e7\u00e3o Calouste Gulbenkian, em Lisboa. O programa de resid\u00eancia ser\u00e1 acompanhado por uma equipa de curadores e artistas e incluir\u00e1 um conjunto de atividades de cria\u00e7\u00e3o e forma\u00e7\u00e3o, tais como: trabalho de est\u00fadio, workshops, visitas a museus, a centros de arte, a galerias e a ateliers de artistas. O programa culminar\u00e1 com uma conversa p\u00fablica e apresenta\u00e7\u00e3o das obras produzidas durante a resid\u00eancia, no audit\u00f3rio do Centro de Arte Moderna da Funda\u00e7\u00e3o Calouste Gulbenkian.[\/vc_column_text][vc_empty_space][\/vc_column][\/vc_row]<\/p>\n<\/div>","protected":false},"excerpt":{"rendered":"<p>Deadline: July 18th 2024<\/p>\n","protected":false},"author":14,"featured_media":26025,"comment_status":"closed","ping_status":"closed","sticky":false,"template":"","format":"standard","meta":{"footnotes":""},"categories":[165,132],"tags":[],"class_list":["post-26023","post","type-post","status-publish","format-standard","has-post-thumbnail","hentry","category-news","category-opportunities"],"_links":{"self":[{"href":"http:\/\/hangar.com.pt\/en\/wp-json\/wp\/v2\/posts\/26023","targetHints":{"allow":["GET"]}}],"collection":[{"href":"http:\/\/hangar.com.pt\/en\/wp-json\/wp\/v2\/posts"}],"about":[{"href":"http:\/\/hangar.com.pt\/en\/wp-json\/wp\/v2\/types\/post"}],"author":[{"embeddable":true,"href":"http:\/\/hangar.com.pt\/en\/wp-json\/wp\/v2\/users\/14"}],"replies":[{"embeddable":true,"href":"http:\/\/hangar.com.pt\/en\/wp-json\/wp\/v2\/comments?post=26023"}],"version-history":[{"count":2,"href":"http:\/\/hangar.com.pt\/en\/wp-json\/wp\/v2\/posts\/26023\/revisions"}],"predecessor-version":[{"id":26028,"href":"http:\/\/hangar.com.pt\/en\/wp-json\/wp\/v2\/posts\/26023\/revisions\/26028"}],"wp:featuredmedia":[{"embeddable":true,"href":"http:\/\/hangar.com.pt\/en\/wp-json\/wp\/v2\/media\/26025"}],"wp:attachment":[{"href":"http:\/\/hangar.com.pt\/en\/wp-json\/wp\/v2\/media?parent=26023"}],"wp:term":[{"taxonomy":"category","embeddable":true,"href":"http:\/\/hangar.com.pt\/en\/wp-json\/wp\/v2\/categories?post=26023"},{"taxonomy":"post_tag","embeddable":true,"href":"http:\/\/hangar.com.pt\/en\/wp-json\/wp\/v2\/tags?post=26023"}],"curies":[{"name":"wp","href":"https:\/\/api.w.org\/{rel}","templated":true}]}}