{"id":25930,"date":"2024-06-25T20:14:55","date_gmt":"2024-06-25T19:14:55","guid":{"rendered":"https:\/\/hangar.com.pt\/?p=25930"},"modified":"2024-06-25T20:14:55","modified_gmt":"2024-06-25T19:14:55","slug":"ciclo-de-filmes-expedicao-aruak","status":"publish","type":"post","link":"http:\/\/hangar.com.pt\/en\/ciclo-de-filmes-expedicao-aruak\/","title":{"rendered":"Ciclo de Filmes &#8211; Expedi\u00e7\u00e3o Aruak"},"content":{"rendered":"<div class=\"wpb-content-wrapper\"><p>[vc_row][vc_column][vc_empty_space height=&#8221;5px&#8221;][vc_separator color=&#8221;black&#8221;][\/vc_column][\/vc_row][vc_row][vc_column width=&#8221;1\/2&#8243;][vc_column_text]<strong>Data:<\/strong> 5 de julho<\/p>\n<p><strong>Hora:<\/strong> 18h<\/p>\n<p><strong>Local:<\/strong> Hangar, Lisboa<\/p>\n<p>A entrada \u00e9 livre, por\u00e9m sujeita a lota\u00e7\u00e3o do espa\u00e7o. Os filmes s\u00e3o legendados em ingl\u00eas.<\/p>\n<p><strong>Filmes em Exibi\u00e7\u00e3o:<\/strong><br \/>\n1. <strong>\u201dBye Bye Amaz\u00f4nia\u201d<\/strong> &#8211; Mais novo filme de Neville de Almeida que conta com a participa\u00e7\u00e3o de Mac Suara Kadiwel, lideran\u00e7a ind\u00edgena do povo Kadiwel do Mato Grosso do Sul (e pai de Idjahure Terena), como protagonista.<br \/>\n2. <strong>\u201cA Menina e o Pote\u201d<\/strong> &#8211; Curta-metragem de anima\u00e7\u00e3o de Valentina Homem, recentemente estreada em Cannes, tem Francy Baniwa como atriz, quem d\u00e1 a voz principal \u00e0 protagonista.<\/p>\n<p>Ap\u00f3s a sess\u00e3o haver\u00e1 uma conversa com os convidados, que ser\u00e1 mediada por B\u00e1rbara Bergamaschi, investigadora do ICNOVA.<\/p>\n<p>Organiza\u00e7\u00e3o: B\u00e1rbara Bergamaschi (Grupo de Investiga\u00e7\u00e3o Cultura, Media\u00e7\u00e3o e Artes do ICNOVA), Zoy Anastassakis e Julia S\u00e1 Earp (Laborat\u00f3rio de Design em Antropologia LADA-ESDI-UERJ).[\/vc_column_text][\/vc_column][vc_column width=&#8221;1\/2&#8243;][vc_single_image image=&#8221;25931&#8243; img_size=&#8221;full&#8221;][\/vc_column][\/vc_row][vc_row][vc_column][vc_separator][vc_column_text]No dia 5 de julho, \u00e0s 18h, o Hangar ser\u00e1 palco de um evento \u00fanico que reunir\u00e1 cinema, cosmologias e a sabedoria dos povos ind\u00edgenas brasileiros.<\/p>\n<p>O evento contar\u00e1 com a presen\u00e7a de Idjahure Terena e Francy Baniwa, artistas-pesquisadores, ambos mestres pelo programa de Antropologia do Museu Nacional da UFRJ. Francy Baniwa \u00e9 considerada a primeira ind\u00edgena a escrever uma disserta\u00e7\u00e3o de antropologia no Brasil e esta, atualmente a desenvolver sua tese de doutoramento no Museu Nacional &#8211; UFRJ. Idjahure Terena, al\u00e9m de doutorando em Antropologia na USP, \u00e9 m\u00fasico, compositor, tradutor e poeta.<\/p>\n<p>Ambos fazem parte da Expedi\u00e7\u00e3o Aruak, um grupo de ind\u00edgenas e antrop\u00f3logos brasileiros em uma jornada por universidades europeias. O ICNOVA acolheu o grupo em Lisboa, e em parceria com o Hangar, organizou esta sess\u00e3o especial de filmes in\u00e9ditos em Portugal.[\/vc_column_text][\/vc_column][\/vc_row][vc_row][vc_column][vc_separator][vc_column_text]<strong>Francineia Bitencourt Fontes<\/strong> (Francy Baniwa) \u00e9 ind\u00edgena, antrop\u00f3loga, fot\u00f3grafa e pesquisadora do povo Baniwa, cl\u00e3 Waliperedakeenai, nascida na comunidade de Assun\u00e7\u00e3o, no Baixo Rio I\u00e7ana, na Terra Ind\u00edgena Alto Rio Negro, munic\u00edpio de S\u00e3o Gabriel da Cachoeira\/AM. Atua h\u00e1 uma d\u00e9cada nas organiza\u00e7\u00f5es e no movimento ind\u00edgena do Rio Negro, trabalhando e pesquisando nas \u00e1reas de etnologia ind\u00edgena, g\u00eanero, organiza\u00e7\u00f5es ind\u00edgenas, conhecimentos tradicionais, mem\u00f3ria, narrativa, fotografia e audiovisual. \u00c9 graduada em Sociologia (2016) pela Universidade Federal do Amazonas (UFAM). \u00c9 mestre (2019) e doutoranda em Antropologia Social pelo Museu Nacional da Universidade Federal do Rio de Janeiro (PPGAS-MN\/UFRJ). \u00c9 pesquisadora do Laborat\u00f3rio de Antropologia da Arte, Ritual e Mem\u00f3ria (LARMe) e do N\u00facleo de Antropologia Sim\u00e9trica (NAnSi) da UFRJ, e do N\u00facleo de Estudos Amaz\u00f4nicos Ind\u00edgenas (NEAI) da UFAM. \u00c9 considerada primeira ind\u00edgena a publicar um livro de antropologia no Brasil:<\/p>\n<p><a href=\"https:\/\/oglobo.globo.com\/google\/amp\/cultura\/livros\/noticia\/2023\/07\/10\/conheca-francy-baniwa-primeira-mulher-indigena-brasileira-a-publicar-livro-de-antropologia.ghtml\">https:\/\/oglobo.globo.com\/google\/amp\/cultura\/livros\/noticia\/2023\/07\/10\/conheca-francy-baniwa-primeira-mulher-indigena-brasileira-a-publicar-livro-de-antropologia.ghtml<\/a>[\/vc_column_text][vc_column_text]<strong>Idjahure Terena<\/strong> \u00e9 um artista ind\u00edgena, antrop\u00f3logo e tradutor, nascido no Rio de Janeiro e pertencente aos povos Terena e Kadiw\u00e9u do Pantanal do Mato Grosso do Sul. Seu trabalho e pesquisa abrangem as artes, a musicalidade, a etnom\u00eddia e a etnologia dos povos ind\u00edgenas. Foi editor do cat\u00e1logo da exposi\u00e7\u00e3o &#8220;V\u00e9xoa: N\u00f3s sabemos&#8221; (Pinacoteca de S\u00e3o Paulo, 2021), apresentador do podcast &#8220;Nhexyr\u00f5: artes ind\u00edgenas em rede&#8221; (Galeria Jaider Esbell de Arte Ind\u00edgena Contempor\u00e2nea, 2021), codiretor do document\u00e1rio &#8220;A m\u00fasica \u00e9 a arma dos guerreiros&#8221; (Mi Mawai, 25&#8242;, 2021) e co-curador do curso &#8220;Musicalidades Ind\u00edgenas no Brasil&#8221; (Ita\u00fa Cultural, 2022). Atualmente est\u00e1 realizando pesquisa de doutorado sobre musicalidades ind\u00edgenas do Alto Rio Negro. Possui gradua\u00e7\u00e3o em Ci\u00eancias Sociais pela Pontif\u00edcia Universidade Cat\u00f3lica do Rio de Janeiro (2017), mestrado em Antropologia Social pelo Programa de P\u00f3s-Gradua\u00e7\u00e3o em Antropologia Social da Universidade Federal do Rio de Janeiro (2020) e \u00e9 doutorando em Antropologia Social pelo Programa de P\u00f3s-Gradua\u00e7\u00e3o em Antropologia Social da Universidade de S\u00e3o Paulo. \u00c9 pesquisador do Laborat\u00f3rio de Antropologia da Arte, Ritual e Mem\u00f3ria (LARMe) e do N\u00facleo de Antropologia Sim\u00e9trica (NAnSi) da UFRJ, e do Centro de Estudos Amer\u00edndios (CEstA) da USP.[\/vc_column_text][\/vc_column][\/vc_row]<\/p>\n<\/div>","protected":false},"excerpt":{"rendered":"<p>July 5th 2024<\/p>\n","protected":false},"author":14,"featured_media":25932,"comment_status":"closed","ping_status":"closed","sticky":false,"template":"","format":"standard","meta":{"footnotes":""},"categories":[260,165],"tags":[258,286],"class_list":["post-25930","post","type-post","status-publish","format-standard","has-post-thumbnail","hentry","category-events","category-news","tag-2024-en","tag-previous"],"_links":{"self":[{"href":"http:\/\/hangar.com.pt\/en\/wp-json\/wp\/v2\/posts\/25930","targetHints":{"allow":["GET"]}}],"collection":[{"href":"http:\/\/hangar.com.pt\/en\/wp-json\/wp\/v2\/posts"}],"about":[{"href":"http:\/\/hangar.com.pt\/en\/wp-json\/wp\/v2\/types\/post"}],"author":[{"embeddable":true,"href":"http:\/\/hangar.com.pt\/en\/wp-json\/wp\/v2\/users\/14"}],"replies":[{"embeddable":true,"href":"http:\/\/hangar.com.pt\/en\/wp-json\/wp\/v2\/comments?post=25930"}],"version-history":[{"count":2,"href":"http:\/\/hangar.com.pt\/en\/wp-json\/wp\/v2\/posts\/25930\/revisions"}],"predecessor-version":[{"id":25937,"href":"http:\/\/hangar.com.pt\/en\/wp-json\/wp\/v2\/posts\/25930\/revisions\/25937"}],"wp:featuredmedia":[{"embeddable":true,"href":"http:\/\/hangar.com.pt\/en\/wp-json\/wp\/v2\/media\/25932"}],"wp:attachment":[{"href":"http:\/\/hangar.com.pt\/en\/wp-json\/wp\/v2\/media?parent=25930"}],"wp:term":[{"taxonomy":"category","embeddable":true,"href":"http:\/\/hangar.com.pt\/en\/wp-json\/wp\/v2\/categories?post=25930"},{"taxonomy":"post_tag","embeddable":true,"href":"http:\/\/hangar.com.pt\/en\/wp-json\/wp\/v2\/tags?post=25930"}],"curies":[{"name":"wp","href":"https:\/\/api.w.org\/{rel}","templated":true}]}}