{"id":22683,"date":"2023-01-14T13:23:50","date_gmt":"2023-01-14T13:23:50","guid":{"rendered":"https:\/\/hangar.com.pt\/?p=22683"},"modified":"2023-01-14T13:23:50","modified_gmt":"2023-01-14T13:23:50","slug":"um-ritual-recital-performatico-iii-ou-um-lugar-que-eu-digo-saber-inventar","status":"publish","type":"post","link":"http:\/\/hangar.com.pt\/en\/um-ritual-recital-performatico-iii-ou-um-lugar-que-eu-digo-saber-inventar\/","title":{"rendered":"Um ritual-recital-perform\u00e1tico III ou Um lugar que eu digo saber inventar"},"content":{"rendered":"<div class=\"wpb-content-wrapper\"><p>[vc_row][vc_column][vc_empty_space height=&#8221;5px&#8221;][vc_separator color=&#8221;black&#8221;][\/vc_column][\/vc_row][vc_row][vc_column width=&#8221;1\/2&#8243;][vc_column_text]- Presencial &#8211;<br \/>\nPerformance\/ Experimental<br \/>\n14 de Janeiro, 18h<br \/>\n3 piso[\/vc_column_text][\/vc_column][vc_column width=&#8221;1\/2&#8243;][vc_single_image image=&#8221;22684&#8243; img_size=&#8221;full&#8221;][vc_empty_space][\/vc_column][\/vc_row][vc_row][vc_column][vc_custom_heading text=&#8221;Synopsis&#8221; font_container=&#8221;tag:h4|text_align:left&#8221; use_theme_fonts=&#8221;yes&#8221;][vc_separator][vc_column_text]\u201cum transe de dez mil\u00e9simos de segundos\u201d \u00e9 um ritual-recital-perform\u00e1tico sobre as camadas de mem\u00f3ria e os diversos lugares da intui\u00e7\u00e3o que atuam sobre um corpo entre os pontos de fuga portanto a possibilidade de existir tra\u00e7ados no or\u00ed e na encruzilhada: a invoca\u00e7\u00e3o de mem\u00f3ria, o transe.[\/vc_column_text][vc_empty_space][\/vc_column][\/vc_row][vc_row][vc_column][vc_custom_heading text=&#8221;Bio&#8221; font_container=&#8221;tag:h4|text_align:left&#8221; use_theme_fonts=&#8221;yes&#8221;][vc_separator][vc_column_text]<strong>JAMILE CAZUMB\u00c1<\/strong><br \/>\n(1997, vive e trabalha entre Salvador, S\u00e3o Paulo e Rio de Janeiro)<\/p>\n<p>Jamile \u00e9 multiartista e transita entre as artes visuais e c\u00eanicas, curadoria, produ\u00e7\u00e3o e cinema. Atualmente tem se dedicado principalmente \u00e0s obras-processo que chama de ritual-recital-perform\u00e1tico. Tem como suporte a performance, o desenho e a linguagem, investigando mem\u00f3rias inscritas nos corpos de mulheres negras e sua conflu\u00eancia com as express\u00f5es visuais a partir de diversas materialidades.<\/p>\n<p>Em 2022 apresentou um ritual-recital-perform\u00e1tico III na Mostra Verbo da Galeria Vermelho (S\u00e3o Paulo), participou da mostra art-life rituals for radical tenderness in ArtsEverywhere (Canad\u00e1) com a obra e proposi\u00e7\u00e3o pr\u00e1tica de experi\u00eancia I smell, delight myself, anda listen: I feel the memory when the light hits the pores in my skin. Participou do Programa de v\u00eddeos do grupo Pr\u00e1ticas Desobedientes com a obra do osso ao fundo dos olhos.<br \/>\nEm 2021 fez parte da Exposi\u00e7\u00e3o Agd\u00e1 das letras e artes (S\u00e3o F\u00e9lix-BA) com o Pol\u00edptico Gr\u00e1ficos I, II, II, IV e V. Ainda em 2021 lan\u00e7ou o filme-performance- experimental um transe de dez mil\u00e9simos de segundos que e tem circulado em festivais, mostras e exposi\u00e7\u00f5es como a Exposi\u00e7\u00e3o Acervo Imediato, e recebeu a Men\u00e7\u00e3o Honrosa Videoarte II Festival Cinema Negro e Pr\u00eamio de Melhor Curta da Competitiva Baiana do XVII Panorama Coisa de Cinema. Em 2020 participou do Festival Latido Americano de Performance com o filme experimental eu poderia cantar uma can\u00e7\u00e3o agora n\u00e9?. Tamb\u00e9m coordena o grupo Pr\u00e1ticas desobedientes e faz parte do Coletivo Angela Davis.[\/vc_column_text][vc_empty_space][\/vc_column][\/vc_row]<\/p>\n<\/div>","protected":false},"excerpt":{"rendered":"<p>January 14th 2023<\/p>\n","protected":false},"author":14,"featured_media":22685,"comment_status":"closed","ping_status":"closed","sticky":false,"template":"","format":"standard","meta":{"footnotes":""},"categories":[260,165,184],"tags":[253,286],"class_list":["post-22683","post","type-post","status-publish","format-standard","has-post-thumbnail","hentry","category-events","category-news","category-post-archive","tag-2023-en","tag-previous"],"_links":{"self":[{"href":"http:\/\/hangar.com.pt\/en\/wp-json\/wp\/v2\/posts\/22683","targetHints":{"allow":["GET"]}}],"collection":[{"href":"http:\/\/hangar.com.pt\/en\/wp-json\/wp\/v2\/posts"}],"about":[{"href":"http:\/\/hangar.com.pt\/en\/wp-json\/wp\/v2\/types\/post"}],"author":[{"embeddable":true,"href":"http:\/\/hangar.com.pt\/en\/wp-json\/wp\/v2\/users\/14"}],"replies":[{"embeddable":true,"href":"http:\/\/hangar.com.pt\/en\/wp-json\/wp\/v2\/comments?post=22683"}],"version-history":[{"count":2,"href":"http:\/\/hangar.com.pt\/en\/wp-json\/wp\/v2\/posts\/22683\/revisions"}],"predecessor-version":[{"id":22689,"href":"http:\/\/hangar.com.pt\/en\/wp-json\/wp\/v2\/posts\/22683\/revisions\/22689"}],"wp:featuredmedia":[{"embeddable":true,"href":"http:\/\/hangar.com.pt\/en\/wp-json\/wp\/v2\/media\/22685"}],"wp:attachment":[{"href":"http:\/\/hangar.com.pt\/en\/wp-json\/wp\/v2\/media?parent=22683"}],"wp:term":[{"taxonomy":"category","embeddable":true,"href":"http:\/\/hangar.com.pt\/en\/wp-json\/wp\/v2\/categories?post=22683"},{"taxonomy":"post_tag","embeddable":true,"href":"http:\/\/hangar.com.pt\/en\/wp-json\/wp\/v2\/tags?post=22683"}],"curies":[{"name":"wp","href":"https:\/\/api.w.org\/{rel}","templated":true}]}}