{"id":21468,"date":"2022-05-09T21:30:47","date_gmt":"2022-05-09T20:30:47","guid":{"rendered":"https:\/\/hangar.com.pt\/?p=21468"},"modified":"2022-10-02T11:37:44","modified_gmt":"2022-10-02T10:37:44","slug":"art-club-petra-von-preta-sara-fonseca-da-graca-2","status":"publish","type":"post","link":"http:\/\/hangar.com.pt\/en\/art-club-petra-von-preta-sara-fonseca-da-graca-2\/","title":{"rendered":"ART CLUB | com Petra von Preta | Sara Fonseca da Gra\u00e7a"},"content":{"rendered":"<div class=\"wpb-content-wrapper\"><p>[vc_row][vc_column][vc_empty_space height=&#8221;5px&#8221;][vc_separator color=&#8221;black&#8221;][\/vc_column][\/vc_row][vc_row][vc_column width=&#8221;1\/2&#8243;][vc_column_text]<strong>Educator Artist:<\/strong> Petra von Preta | Sara Fonseca da Gra\u00e7a<\/p>\n<p><strong>Ages:<\/strong> 6 to 14 years old<\/p>\n<p><strong>Date:<\/strong> 07, 14, 21 and 28 of May 2022<\/p>\n<p><strong>Hours:<\/strong> 11:00 \u2013 13:00<\/p>\n<p><strong>Location:<\/strong> R. Damasceno Monteiro, 12, 1170-112 Lisbon<\/p>\n<p><strong>Price:<\/strong> \u20ac35 monthly (4 workshops) + \u20ac5 insurance (materials included) + Membership or \u20ac10 per session<br \/>\nFor more information: <a href=\"mailto:geral@hangar.com.pt\">geral@hangar.com.pt<\/a> or +351 93 843 90 60[\/vc_column_text][\/vc_column][vc_column width=&#8221;1\/2&#8243;][vc_single_image image=&#8221;21546&#8243; img_size=&#8221;full&#8221; css=&#8221;.vc_custom_1653000965645{margin-bottom: -25px !important;}&#8221;][vc_column_text]\u00a9 Daniela Ortiz &#8211; The Rebellion of the Roots[\/vc_column_text][\/vc_column][\/vc_row][vc_row][vc_column][vc_custom_heading text=&#8221;DETAILS&#8221; font_container=&#8221;tag:h4|text_align:left&#8221; use_theme_fonts=&#8221;yes&#8221;][vc_separator color=&#8221;black&#8221;][vc_column_text]<strong>IMAGINARY GARDENS<\/strong><\/p>\n<p>In this workshop we will try to discover the stories that the flowers and plants in our space tell us. Through drawing, stamping and modeling we will re-imagine the garden space as a place of encounter and possibilities. In which garden would we like to live in the future, and what stories will the flora of tomorrow tell?[\/vc_column_text][vc_empty_space][\/vc_column][\/vc_row][vc_row disable_element=&#8221;yes&#8221;][vc_column][vc_custom_heading text=&#8221;CONCEP\u00c7\u00c3O E ORIENTA\u00c7\u00c3O&#8221; font_container=&#8221;tag:h4|text_align:left&#8221; use_theme_fonts=&#8221;yes&#8221;][vc_separator color=&#8221;black&#8221;][vc_column_text]Coming soon.[\/vc_column_text][vc_empty_space][\/vc_column][\/vc_row]<\/p>\n<\/div>","protected":false},"excerpt":{"rendered":"<p>May 7th, 14th, 21st and 28th 2022<\/p>\n","protected":false},"author":14,"featured_media":21546,"comment_status":"closed","ping_status":"closed","sticky":false,"template":"","format":"standard","meta":{"footnotes":""},"categories":[159,165],"tags":[238,286],"class_list":["post-21468","post","type-post","status-publish","format-standard","has-post-thumbnail","hentry","category-mini-hangar-en","category-news","tag-2022-en","tag-previous"],"_links":{"self":[{"href":"http:\/\/hangar.com.pt\/en\/wp-json\/wp\/v2\/posts\/21468","targetHints":{"allow":["GET"]}}],"collection":[{"href":"http:\/\/hangar.com.pt\/en\/wp-json\/wp\/v2\/posts"}],"about":[{"href":"http:\/\/hangar.com.pt\/en\/wp-json\/wp\/v2\/types\/post"}],"author":[{"embeddable":true,"href":"http:\/\/hangar.com.pt\/en\/wp-json\/wp\/v2\/users\/14"}],"replies":[{"embeddable":true,"href":"http:\/\/hangar.com.pt\/en\/wp-json\/wp\/v2\/comments?post=21468"}],"version-history":[{"count":3,"href":"http:\/\/hangar.com.pt\/en\/wp-json\/wp\/v2\/posts\/21468\/revisions"}],"predecessor-version":[{"id":21556,"href":"http:\/\/hangar.com.pt\/en\/wp-json\/wp\/v2\/posts\/21468\/revisions\/21556"}],"wp:featuredmedia":[{"embeddable":true,"href":"http:\/\/hangar.com.pt\/en\/wp-json\/wp\/v2\/media\/21546"}],"wp:attachment":[{"href":"http:\/\/hangar.com.pt\/en\/wp-json\/wp\/v2\/media?parent=21468"}],"wp:term":[{"taxonomy":"category","embeddable":true,"href":"http:\/\/hangar.com.pt\/en\/wp-json\/wp\/v2\/categories?post=21468"},{"taxonomy":"post_tag","embeddable":true,"href":"http:\/\/hangar.com.pt\/en\/wp-json\/wp\/v2\/tags?post=21468"}],"curies":[{"name":"wp","href":"https:\/\/api.w.org\/{rel}","templated":true}]}}