{"id":16340,"date":"2020-04-29T23:08:39","date_gmt":"2020-04-29T22:08:39","guid":{"rendered":"https:\/\/hangar.com.pt\/?p=16340"},"modified":"2021-07-21T10:41:51","modified_gmt":"2021-07-21T09:41:51","slug":"cristina-ataide","status":"publish","type":"post","link":"http:\/\/hangar.com.pt\/en\/cristina-ataide\/","title":{"rendered":"Cristina Ata\u00edde"},"content":{"rendered":"<div class=\"wpb-content-wrapper\"><p>[vc_row][vc_column][vc_empty_space height=&#8221;5px&#8221;][vc_separator color=&#8221;black&#8221;][vc_column_text]<\/p>\n<div style=\"text-align: justify;\">\n<p>Cristina Ata\u00edde lives and works in Lisbon. She is graduated in fine arts at Lisbon Fine Art School (Sculpture) and she attended Design Studies in the same art school. Head of the Sculpture and Design\u2019s department in MadeIn, a Portuguese marble production company, between 1987 and 1996, working there with artists as Anish Kapoor, Michelangelo Pistolleto, Keit Sonnier, Matt Mullican. Invited teacher in Lusofona University, Lisbon between 1997 a 2012.<br \/>\nRepresented in the following collections as: CAM Collection, Calouste Gulbenkian Foundation; Culturgest, Caixa Geral de Dep\u00f3sitos Collection, Lisbon; Novo Banco, Collection, Lisbon; Ant\u00f3nio Cachola Collection, Elvas; Carmona e Costa Foundation, Lisbon; PLMJ Foundation, Lisbon; City Museum Collection, Lisbon; Uni\u00f3n Fenosa Museum, La Coru\u00f1a (ES); Afro Brasilien Museum Collection, S\u00e3o Paulo; Centre d\u2019Art Contemporain d\u2019Essaouira Collection, Maroc; Maison de l\u2019Art Contemporain Asilah Collection, Maroc.<\/p>\n<p><a href=\"http:\/\/www.cristinataide.com\">www.cristinataide.com <\/a><\/p>\n<p><strong>Artistic Residency:<\/strong> Wave Hill\u2019s 2014 Winter Workspace Workshop: Drawing through Landscape, Glyndor Gallery, Bronx, New York; Maison d\u2019 Art Contemporain Asilah |MA\u2026<br \/>\n<strong>Solo exhibitions (selected)<\/strong><br \/>\n2017- VOLTAR DE VEZ EM QUANDO \/ BACK from time to time, Travessa da Ermida, Lisbon; ORIENTIEREN with Bragdon, Petrou and Jansen, Kunsttempel, Kassel |DE.<br \/>\n2016- UNDER ALL OF THIS, Galeria Belo-Galsterer, Lisboa; ET PUIS LE CHEMIN com Isabelle Dubrul, Tour Bidouane, Saint Malo|FR; AT\u00c9 AO ABRA\u00c7O, Galeria Virgilio, S\u00e3o Paulo | BR; NA PALMA DA M\u00c3O, Galeria Ybakatu, Curitiba | BR; 2015- Ser Linha Ser\/ Line Being Line , Funda\u00e7\u00e3o Carmona e Costa, Lisbon; PERCURSOS EM DERIVA, Pa\u00e7o das Artes, S\u00e3o Paulo |BR; 2014- Wave Hill Winter Workspace Program, Bronx, New York; VERFLIXT UND ZUGENAHT, der fall Wittenberg, Veritas Factory, Wittenberg (GR), PE 15, An Integrated Journey with Art, Recife (BR), ESPERANDO QUE NIEVE, Centro de Arte de Alcobendas, Madrid (ES); 2013 &#8211; DESLOCAMENTO(S), with Isaque Pinheiro, Cultural Center Fiep, Curitiba, Brazil; 2012- ITINER\u00c1RIO DA MENTE PARA A LUZ (d\u2019apr\u00e9s S\u00e3o Boaventura) with Jos\u00e9 Rufino (BR), S. Bento Monastery, S\u00e3o Paulo, Brazil; LA MONTA\u00d1A M\u00c1GICA\/ DER ZAUBERBERG, Magda Bellotti Gallery, Madrid; LAR, DOCE LAR\u2026\/ Home Swith Home\u2026 site-specific, Carpe Diem, Arte e Pesquisa, Lisbon<\/p>\n<\/div>\n<p>[\/vc_column_text][\/vc_column][\/vc_row][vc_row][vc_column][vc_empty_space height=&#8221;5px&#8221;][\/vc_column][\/vc_row][vc_row][vc_column][vc_masonry_media_grid initial_loading_animation=&#8221;none&#8221; grid_id=&#8221;vc_gid:1588197943941-fe734470-8437-1&#8243; include=&#8221;8202,8201,8200,8199,8198,8197,8196,8195&#8243;][\/vc_column][\/vc_row]<\/p>\n<\/div>","protected":false},"excerpt":{"rendered":"<p>[vc_row][vc_column][vc_empty_space height=&#8221;5px&#8221;][vc_separator color=&#8221;black&#8221;][vc_column_text] Cristina Ata\u00edde lives and works in Lisbon. She is graduated in fine arts at Lisbon Fine Art School (Sculpture) and she attended Design Studies in the same&hellip;<\/p>\n","protected":false},"author":8,"featured_media":16342,"comment_status":"closed","ping_status":"closed","sticky":false,"template":"","format":"standard","meta":{"footnotes":""},"categories":[168],"tags":[240,286],"class_list":["post-16340","post","type-post","status-publish","format-standard","has-post-thumbnail","hentry","category-portfolios","tag-2020-en","tag-previous"],"_links":{"self":[{"href":"http:\/\/hangar.com.pt\/en\/wp-json\/wp\/v2\/posts\/16340","targetHints":{"allow":["GET"]}}],"collection":[{"href":"http:\/\/hangar.com.pt\/en\/wp-json\/wp\/v2\/posts"}],"about":[{"href":"http:\/\/hangar.com.pt\/en\/wp-json\/wp\/v2\/types\/post"}],"author":[{"embeddable":true,"href":"http:\/\/hangar.com.pt\/en\/wp-json\/wp\/v2\/users\/8"}],"replies":[{"embeddable":true,"href":"http:\/\/hangar.com.pt\/en\/wp-json\/wp\/v2\/comments?post=16340"}],"version-history":[{"count":1,"href":"http:\/\/hangar.com.pt\/en\/wp-json\/wp\/v2\/posts\/16340\/revisions"}],"predecessor-version":[{"id":16343,"href":"http:\/\/hangar.com.pt\/en\/wp-json\/wp\/v2\/posts\/16340\/revisions\/16343"}],"wp:featuredmedia":[{"embeddable":true,"href":"http:\/\/hangar.com.pt\/en\/wp-json\/wp\/v2\/media\/16342"}],"wp:attachment":[{"href":"http:\/\/hangar.com.pt\/en\/wp-json\/wp\/v2\/media?parent=16340"}],"wp:term":[{"taxonomy":"category","embeddable":true,"href":"http:\/\/hangar.com.pt\/en\/wp-json\/wp\/v2\/categories?post=16340"},{"taxonomy":"post_tag","embeddable":true,"href":"http:\/\/hangar.com.pt\/en\/wp-json\/wp\/v2\/tags?post=16340"}],"curies":[{"name":"wp","href":"https:\/\/api.w.org\/{rel}","templated":true}]}}