{"id":16319,"date":"2020-04-29T22:39:57","date_gmt":"2020-04-29T21:39:57","guid":{"rendered":"https:\/\/hangar.com.pt\/?p=16319"},"modified":"2021-07-21T10:41:51","modified_gmt":"2021-07-21T09:41:51","slug":"edith-derdyk","status":"publish","type":"post","link":"http:\/\/hangar.com.pt\/en\/edith-derdyk\/","title":{"rendered":"Edith Derdyk"},"content":{"rendered":"<div class=\"wpb-content-wrapper\"><p>[vc_row][vc_column][vc_empty_space height=&#8221;5px&#8221;][vc_separator color=&#8221;black&#8221;][vc_column_text]<\/p>\n<div style=\"text-align: justify;\">\n<p><strong>Edith Derdyk<\/strong>\u00a0 tem realizado<strong> exposi\u00e7\u00f5es coletivas e individuais<\/strong> desde 1981 no Brasil (Museu de Arte Moderna- SP e RJ; Pinacoteca do Estado de S\u00e3o Paulo, Centro Cultural Banco do Brasil-RJ; Museu de Arte de S\u00e3o Paulo, Centro Cultural S\u00e3o Paulo, Instituto Tomie Ohtake, entre outras) e no exterior (M\u00e9xico, EUA, Alemanha, Dinamarca, Col\u00f4mbia, Espanha, Fran\u00e7a). <strong>Pr\u00eamios.Bolsas.Resid\u00eancias<\/strong>: t\u00edtulo Doctora Honoris Caua_17,Instituto de Estudos Criticos_Cidade do M\u00e9xico; 2015.Edital PROAC_Incentivo \u00e0 Literatura_Poesia; 2014. Edital PROAC_Livro de Artista; 2013_Resid\u00eancia_Can Serrat_Espanha; 2012_Pr\u00eamio Funarte Artes Visuais; 2007_ Resid\u00eancia_The Banff Centre_Canad\u00e1; 2004_Pr\u00eamio Revela\u00e7\u00e3o Fotografia Porto Seguros;2002_Bolsa Vitae de Artes; 2002_Categoria Tridimensional _APCA; 1999_The Rockefeller Foundation_artista pesquisadora_Bellagio Center, It\u00e1lia; 1993_Artista residente_MAC-USP\/Vermont Studio Center_USA; 1990_ Bolsa Fiat_Artes Visuais. <strong>Autora<\/strong> de livros: Entre ser\u00a0 um e ser\u00a0 mil \u2013\u00a0 o objeto livro e suas po\u00e9ticas(organizadora)_Senac; Disegno.Desenho.Des\u00edgnio(antologia)_Senac; \u00a0Linhas de Horizonte_Ed.Escuta; Linha de Costura_C\/Arte; Formas de pensar\u00a0 o desenho_Ed.Zouk e O desenho da figura humana_Ed.Scipione. \u00a0entre outros. Tamb\u00e9m atua como educadora (Instituto Tomie Ohtake, Centro Cultural o_barco, Intermeios) e autora \/ilustradora de v\u00e1rios livros infantis (Todo mundo tem, Rato, cole\u00e7\u00e3o Folia de Papel, O colecionador de palavras e\u00a0 outros) e\u00a0 letrista de algumas can\u00e7\u00f5es do Palavra Cantada(Pomar, Ora Bolas, Rato, O que \u00e9 o que \u00e9, Trilhares e outras). Ministra <strong>aulas e palestras<\/strong> sobre desenho, livro de artista e processos po\u00e9ticos em institui\u00e7\u00f5es, tais como Instituto Tomie Ohtake, Centro Cultural o_barco, Casa Contempor\u00e2nea, SESC e outros. Atualmente\u00a0 coordena a P\u00f3s Gradua\u00e7\u00e3o \u201cCaminhada como M\u00e9todo para Arte e Educa\u00e7\u00e3o\u201d na A Casa Tombada.<\/p>\n<p>Para acessar o trabalho da artista:<\/p>\n<p><a href=\"http:\/\/cargocollective.com\/edithderdyk\">http:\/\/cargocollective.com\/edithderdyk<\/a><\/p>\n<p><a href=\"http:\/\/www.edithderdyk.com.br\">www.edithderdyk.com.br<\/a><\/p>\n<p><a href=\"http:\/\/issuu.com\/otticaart\/docs\/ottica_art_magazine__out-nov\">http:\/\/issuu.com\/otticaart\/docs\/ottica_art_magazine__out-nov<\/a><\/p>\n<\/div>\n<p>[\/vc_column_text][\/vc_column][\/vc_row][vc_row][vc_column][vc_empty_space height=&#8221;5px&#8221;][\/vc_column][\/vc_row][vc_row][vc_column][vc_masonry_media_grid initial_loading_animation=&#8221;none&#8221; grid_id=&#8221;vc_gid:1588196369923-d5a96e1b-6bb8-0&#8243; include=&#8221;8098,8097,8096,8094,8093,8092,8091&#8243;][\/vc_column][\/vc_row]<\/p>\n<\/div>","protected":false},"excerpt":{"rendered":"<p>[vc_row][vc_column][vc_empty_space height=&#8221;5px&#8221;][vc_separator color=&#8221;black&#8221;][vc_column_text] Edith Derdyk\u00a0 tem realizado exposi\u00e7\u00f5es coletivas e individuais desde 1981 no Brasil (Museu de Arte Moderna- SP e RJ; Pinacoteca do Estado de S\u00e3o Paulo, Centro Cultural&hellip;<\/p>\n","protected":false},"author":8,"featured_media":16321,"comment_status":"closed","ping_status":"closed","sticky":false,"template":"","format":"standard","meta":{"footnotes":""},"categories":[168],"tags":[240,286],"class_list":["post-16319","post","type-post","status-publish","format-standard","has-post-thumbnail","hentry","category-portfolios","tag-2020-en","tag-previous"],"_links":{"self":[{"href":"http:\/\/hangar.com.pt\/en\/wp-json\/wp\/v2\/posts\/16319","targetHints":{"allow":["GET"]}}],"collection":[{"href":"http:\/\/hangar.com.pt\/en\/wp-json\/wp\/v2\/posts"}],"about":[{"href":"http:\/\/hangar.com.pt\/en\/wp-json\/wp\/v2\/types\/post"}],"author":[{"embeddable":true,"href":"http:\/\/hangar.com.pt\/en\/wp-json\/wp\/v2\/users\/8"}],"replies":[{"embeddable":true,"href":"http:\/\/hangar.com.pt\/en\/wp-json\/wp\/v2\/comments?post=16319"}],"version-history":[{"count":2,"href":"http:\/\/hangar.com.pt\/en\/wp-json\/wp\/v2\/posts\/16319\/revisions"}],"predecessor-version":[{"id":16323,"href":"http:\/\/hangar.com.pt\/en\/wp-json\/wp\/v2\/posts\/16319\/revisions\/16323"}],"wp:featuredmedia":[{"embeddable":true,"href":"http:\/\/hangar.com.pt\/en\/wp-json\/wp\/v2\/media\/16321"}],"wp:attachment":[{"href":"http:\/\/hangar.com.pt\/en\/wp-json\/wp\/v2\/media?parent=16319"}],"wp:term":[{"taxonomy":"category","embeddable":true,"href":"http:\/\/hangar.com.pt\/en\/wp-json\/wp\/v2\/categories?post=16319"},{"taxonomy":"post_tag","embeddable":true,"href":"http:\/\/hangar.com.pt\/en\/wp-json\/wp\/v2\/tags?post=16319"}],"curies":[{"name":"wp","href":"https:\/\/api.w.org\/{rel}","templated":true}]}}