{"id":14199,"date":"2019-11-17T14:04:26","date_gmt":"2019-11-17T14:04:26","guid":{"rendered":"https:\/\/hangar.com.pt\/?p=14199"},"modified":"2019-12-02T14:23:22","modified_gmt":"2019-12-02T14:23:22","slug":"hangar-triangle-network-8a-edicao","status":"publish","type":"post","link":"http:\/\/hangar.com.pt\/en\/hangar-triangle-network-8a-edicao\/","title":{"rendered":"Hangar | Triangle Network 8th Edition"},"content":{"rendered":"<div class=\"wpb-content-wrapper\"><p>[vc_row][vc_column][vc_empty_space height=&#8221;5px&#8221;][vc_separator color=&#8221;black&#8221;][\/vc_column][\/vc_row][vc_row][vc_column][vc_custom_heading text=&#8221;UNTITLED<br \/>\n10 TO 20 DECEMBER 2019&#8243; font_container=&#8221;tag:h3|text_align:center&#8221; use_theme_fonts=&#8221;yes&#8221;][\/vc_column][\/vc_row][vc_row][vc_column][vc_single_image image=&#8221;14201&#8243; img_size=&#8221;full&#8221; alignment=&#8221;center&#8221;][vc_column_text]Imagem Yibo Xu[\/vc_column_text][\/vc_column][\/vc_row][vc_row][vc_column][vc_column_text]Untitled is the eight edition of Triangle Network (trianglenetwork.org) workshop held in Hangar, Lisbon.<br \/>\nOften it is a title that names works of art and exhibitions: Untitled opens possibilities and assumes a non-name, an endless process of options and creative processes. The intention is that of not imparting an explanation by naming the work so it can speak by itself, open to the diversity of the artists\u2019 practices.[\/vc_column_text][\/vc_column][\/vc_row][vc_row disable_element=&#8221;yes&#8221;][vc_column][vc_custom_heading text=&#8221;Open Call : Para artistas portugueses ou residentes em Portugal&#8221; font_container=&#8221;tag:h5|text_align:center&#8221; use_theme_fonts=&#8221;yes&#8221;][vc_column_text]<\/p>\n<h4 style=\"text-align: center; text-transform: capitalize;\"><a class=\"vc_gitem-link\" title=\"Rosanna Bach\" href=\"https:\/\/hangar.com.pt\/irene-de-andres\/\">Irene De Andr\u00e9s<\/a><\/h4>\n<p>[\/vc_column_text][vc_column_text]<\/p>\n<h4 style=\"text-align: center; text-transform: capitalize;\"><a class=\"vc_gitem-link\" title=\"Rosanna Bach\" href=\"https:\/\/hangar.com.pt\/irene-de-andres\/\">Irene De Andr\u00e9s<\/a><\/h4>\n<p>[\/vc_column_text][vc_column_text]<\/p>\n<div class=\"_209g _2vxa\" style=\"text-align: justify;\" data-block=\"true\" data-offset-key=\"ft396-0-0\" data-reactid=\".67.1.0.$\/=10.0:$\/=19.1.0.0.0.0.$editor0.0.0.$ft396\">\n<p>&nbsp;<\/p>\n<h2><span style=\"font-weight: 400;\">Regulamento<\/span><\/h2>\n<h2><b style=\"font-size: 16px;\">Descri\u00e7\u00e3o, datas, local e organiza\u00e7\u00e3o do Workshop:<\/b><\/h2>\n<ol>\n<li>O workshop Field Works \u00e9 a s\u00e9tima edi\u00e7\u00e3o, em Portugal, do workshop da rede art\u00edstica internacional Triangle Network (trianglenetwork.org). A estrutura do workshop seguir\u00e1 o modelo da rede, isto \u00e9, reunir durante duas semanas um grupo de artistas locais e internacionais (em igual n\u00famero) possibilitando um trabalho em conjunto e a troca de experi\u00eancias art\u00edsticas, processuais e culturais. Um programa de apresenta\u00e7\u00f5es, semin\u00e1rios e um Open Day completam o calend\u00e1rio do workshop e d\u00e3o suporte e visibilidade ao trabalho em curso. Seis artistas internacionais e seis artistas nacionais participar\u00e3o neste projecto. Uma parte ser\u00e1 seleccionada por convite ou a partir da lista de artistas pertencentes \u00e0 rede Triangle Network. A outra parte ser\u00e1 seleccionada a partir do concurso em ep\u00edgrafe, aberto a artistas com ou sem experi\u00eancias anteriores nesta rede. A participa\u00e7\u00e3o neste workshop em Portugal incrementar\u00e1 a rede com novos artistas que poder\u00e3o beneficiar futuramente da rede de workshops internacionais implementados em todo o mundo.<\/li>\n<li>O workshop realiza-se de 2 a 16 de Dezembro de 2018.<\/li>\n<li>O workshop ter\u00e1 lugar no HANGAR, na Gra\u00e7a em Lisboa.<\/li>\n<li>O workshop \u00e9 organizado pela Xerem \u2013 Associa\u00e7\u00e3o Cultural (Lisboa) e Triangle Network, rede art\u00edstica internacional (Londres).<\/li>\n<\/ol>\n<p>&nbsp;<\/p>\n<p><b> Objectivos, condi\u00e7\u00f5es e perfil dos artistas:<\/b><\/p>\n<ol>\n<li>O workshop Field Works pretende:\n<ul>\n<li>\u00a0Criar um espa\u00e7o de reflex\u00e3o onde os artistas sejam convidados a desenvolver trabalho, colaborando num contexto de experimenta\u00e7\u00e3o com o espa\u00e7o e o contacto com os outros artistas;<\/li>\n<li>Possibilitar di\u00e1logo e interc\u00e2mbio art\u00edstico entre um grupo internacional de artistas que explore a diversidade e a compreens\u00e3o entre diferentes culturas;<br \/>\n&#8211; Oferecer acesso a espa\u00e7os alternativos para desenvolver trabalho determinado dentro do site-specific;<\/li>\n<li>Propor ao p\u00fablico geral uma experi\u00eancia dentro da arte contempor\u00e2nea, complementar ou alternativa \u00e0 experi\u00eancia nas institui\u00e7\u00f5es e espa\u00e7os comerciais;<\/li>\n<li>Permitir o acesso ao processo criativo art\u00edstico a uma audi\u00eancia diversificada atrav\u00e9s do Open Day e a programa\u00e7\u00e3o de semin\u00e1rios.<\/li>\n<\/ul>\n<\/li>\n<li>O workshop fornece:\n<ul>\n<li>Refei\u00e7\u00f5es;<\/li>\n<li>Espa\u00e7o para desenvolver o trabalho;<\/li>\n<li>Programa de conversas, semin\u00e1rios e Open Day;<\/li>\n<li>Fee de 300\u20ac e apoio \u00e0 produ\u00e7\u00e3o no valor de 100\u20ac;<\/li>\n<li>Apoio criativo, curatorial e t\u00e9cnico durante o workshop;<\/li>\n<li>Colabora\u00e7\u00e3o entre artistas e curadores nacionais e internacionais;<\/li>\n<li>Facilidades pr\u00e1ticas, t\u00e9cnicas de pesquisa e trabalho, proporcionando o desenvolvimento profissional e a troca art\u00edstica com \u00eanfase no processo criativo. A sustenta\u00e7\u00e3o, as redes e o ambiente criativo proposto fornecer\u00e3o aos artistas os meios para experimentar ideias, m\u00e9todos e meios;<\/li>\n<\/ul>\n<\/li>\n<\/ol>\n<p><b>Concurso: <\/b><\/p>\n<ol>\n<li><span style=\"font-weight: 400;\">Data de abertura: <strong>12 de Outubro de 2018<\/strong><\/span><\/li>\n<li><span style=\"font-weight: 400;\">Data limite para apresenta\u00e7\u00e3o de candidatura: <strong>12 de Novembro de 2018<\/strong><\/span><\/li>\n<li><span style=\"font-weight: 400;\">Data da divulga\u00e7\u00e3o dos resultados: <strong>19 de Novembro de 2018<\/strong>, por email aos selecionados.<\/span><\/li>\n<\/ol>\n<p><b>\u00c2mbito do concurso e perfil dos candidatos<\/b><span style=\"font-weight: 400;\">:<\/span><\/p>\n<ol>\n<li>O \u00e2mbito desta convocat\u00f3ria \u00e9 internacional e prev\u00ea a selec\u00e7\u00e3o final de 3 artistas portugueses ou estrangeiros a residir em portugal.<\/li>\n<li>Os candidatos a este concurso dever\u00e3o ser artistas de nacionalidade portuguesa que vivam em Portugal ou no estrangeiro, assim como artistas estrangeiros, desde que sejam residentes em Portugal.<\/li>\n<li>Os candidatos dever\u00e3o aceitar trabalhar com recursos materiais limitados, estar interessados numa abordagem relacional com o espa\u00e7o e com os outros participantes e entender a experi\u00eancia do workshop como uma oportunidade para desenvolver processos criativos originais e experimentais.<\/li>\n<li>Os artistas que foram residentes no passado de uma iniciativa de resid\u00eancias promovida pelo Hangar ou Xerem n\u00e3o s\u00e3o eleg\u00edveis.<\/li>\n<\/ol>\n<p><b>Formaliza\u00e7\u00e3o das candidaturas<\/b><span style=\"font-weight: 400;\">:<\/span><\/p>\n<p><span style=\"font-weight: 400;\">Documenta\u00e7\u00e3o necess\u00e1ria (em ingl\u00eas ou portugu\u00eas):<\/span><\/p>\n<ol>\n<li><span style=\"font-weight: 400;\">CV actualizado<\/span><\/li>\n<li><span style=\"font-weight: 400;\">Portf\u00f3lio<\/span><\/li>\n<li><span style=\"font-weight: 400;\">Carta de motiva\u00e7\u00e3o que inclua uma breve descri\u00e7\u00e3o de ideias a serem desenvolvidas durante o workshop.<\/span><\/li>\n<li><span style=\"font-weight: 400;\">As candidaturas ser\u00e3o submetidas unicamente atrav\u00e9s do e-mail\u00a0<a href=\"mailto:hangar.xerem@gmail.com\">hangar.xerem@gmail.com<\/a><\/span>\u00a0<span style=\"font-weight: 400;\">devendo toda a informa\u00e7\u00e3o ser entregue em formato PDF at\u00e9 10 MB.<\/span><\/li>\n<\/ol>\n<p><b> J\u00fari:<\/b><\/p>\n<p><span style=\"font-weight: 400;\">O J\u00fari do concurso \u00e9 constituido por:\u00a0<\/span><strong>M\u00f3nica de Miranda, Bruno Leit\u00e3o<\/strong><\/p>\n<p><b> Cl\u00e1usula de salvaguarda<\/b><\/p>\n<ol>\n<li><span style=\"font-weight: 400;\">Da decis\u00e3o do J\u00fari n\u00e3o existe recurso.<\/span><\/li>\n<li><span style=\"font-weight: 400;\">A organiza\u00e7\u00e3o reserva-se no direito de excluir as candidaturas que n\u00e3o sejam eleg\u00edveis.<\/span><\/li>\n<li><span style=\"font-weight: 400;\">As condi\u00e7\u00f5es apresentadas neste regulamento ficar\u00e3o prejudicadas caso n\u00e3o se concretizem atempadamente os apoios estatais de que este projecto \u00e9 benefici\u00e1rio.<\/span><\/li>\n<li><span style=\"font-weight: 400;\">Os casos omissos neste regulamento ser\u00e3o decididos pela organiza\u00e7\u00e3o.<\/span><\/li>\n<li><span style=\"font-weight: 400;\">Ao submeterem a candidatura, os candidatos declaram ter conhecimento e aceitarem as condi\u00e7\u00f5es deste regulamento.<\/span><\/li>\n<\/ol>\n<\/div>\n<p>[\/vc_column_text][vc_empty_space][\/vc_column][\/vc_row][vc_row][vc_column][vc_custom_heading text=&#8221;Resident Artists&#8221; font_container=&#8221;tag:h3|text_align:left&#8221; use_theme_fonts=&#8221;yes&#8221;][vc_separator align=&#8221;align_left&#8221;][\/vc_column][\/vc_row][vc_row][vc_column width=&#8221;1\/4&#8243;][vc_single_image image=&#8221;14243&#8243; img_size=&#8221;280&#215;200&#8243; alignment=&#8221;center&#8221; onclick=&#8221;custom_link&#8221; link=&#8221;https:\/\/hangar.com.pt\/en\/jabulani-maseko\/&#8221;][vc_column_text]<\/p>\n<h4 style=\"text-align: center; text-transform: capitalize;\"><a class=\"vc_gitem-link\" title=\"Jabulani Maseko\" href=\"https:\/\/hangar.com.pt\/en\/jabulani-maseko\/\">Jabulani Maseko<\/a><\/h4>\n<p>[\/vc_column_text][\/vc_column][vc_column width=&#8221;1\/4&#8243;][vc_single_image image=&#8221;14258&#8243; img_size=&#8221;280&#215;200&#8243; alignment=&#8221;center&#8221; onclick=&#8221;custom_link&#8221; link=&#8221;https:\/\/hangar.com.pt\/en\/paulo-arraiano\/&#8221;][vc_column_text]<\/p>\n<h4 style=\"text-align: center; text-transform: capitalize;\"><a class=\"vc_gitem-link\" title=\"Paulo Arraiano\" href=\"https:\/\/hangar.com.pt\/en\/paulo-arraiano\/\">Paulo Arraiano<\/a><\/h4>\n<p>[\/vc_column_text][\/vc_column][vc_column width=&#8221;1\/4&#8243;][vc_single_image image=&#8221;14282&#8243; img_size=&#8221;280&#215;200&#8243; alignment=&#8221;center&#8221; onclick=&#8221;custom_link&#8221; link=&#8221;https:\/\/hangar.com.pt\/en\/ramiro-guerreiro\/&#8221;][vc_column_text]<\/p>\n<h4 style=\"text-align: center; text-transform: capitalize;\"><a class=\"vc_gitem-link\" title=\"Ramiro Guerreiro\" href=\"https:\/\/hangar.com.pt\/en\/ramiro-guerreiro\/\">Ramiro Guerreiro<\/a><\/h4>\n<p>[\/vc_column_text][\/vc_column][vc_column width=&#8221;1\/4&#8243;][vc_single_image image=&#8221;13446&#8243; img_size=&#8221;280&#215;200&#8243; alignment=&#8221;center&#8221; onclick=&#8221;custom_link&#8221; link=&#8221;https:\/\/hangar.com.pt\/en\/rosa-vallori\/&#8221;][vc_column_text]<\/p>\n<h4 style=\"text-align: center; text-transform: capitalize;\"><a class=\"vc_gitem-link\" title=\"Rosa Vallori\" href=\"https:\/\/hangar.com.pt\/en\/rosa-vallori\/\">Rosa Vallori <\/a><\/h4>\n<p>[\/vc_column_text][\/vc_column][\/vc_row][vc_row][vc_column width=&#8221;1\/4&#8243;][vc_single_image image=&#8221;14382&#8243; img_size=&#8221;280&#215;200&#8243; alignment=&#8221;center&#8221; onclick=&#8221;custom_link&#8221; link=&#8221;https:\/\/hangar.com.pt\/en\/vanessa-fernandes\/&#8221;][vc_column_text]<\/p>\n<h4 style=\"text-align: center; text-transform: capitalize;\"><a class=\"vc_gitem-link\" title=\"Vanessa Fernandes\" href=\"https:\/\/hangar.com.pt\/en\/vanessa-fernandes\/\">Vanessa Fernandes<\/a><\/h4>\n<p>[\/vc_column_text][\/vc_column][vc_column width=&#8221;1\/4&#8243;][vc_single_image image=&#8221;14167&#8243; img_size=&#8221;280&#215;200&#8243; alignment=&#8221;center&#8221; onclick=&#8221;custom_link&#8221; link=&#8221;https:\/\/hangar.com.pt\/en\/yibo-xu\/&#8221;][vc_column_text]<\/p>\n<h4 style=\"text-align: center; text-transform: capitalize;\"><a class=\"vc_gitem-link\" title=\"Yibo Xu\" href=\"https:\/\/hangar.com.pt\/en\/yibo-xu\/\">Yibo Xu<\/a><\/h4>\n<p>[\/vc_column_text][\/vc_column][vc_column width=&#8221;1\/4&#8243;][\/vc_column][vc_column width=&#8221;1\/4&#8243;][\/vc_column][\/vc_row][vc_row][vc_column][vc_custom_heading text=&#8221;Invited Artists and Curators&#8221; font_container=&#8221;tag:h3|text_align:left&#8221; use_theme_fonts=&#8221;yes&#8221;][vc_separator align=&#8221;align_left&#8221;][\/vc_column][\/vc_row][vc_row][vc_column][vc_column_text]<\/p>\n<h4 style=\"text-align: left;\">FILIPA OLIVEIRA<\/h4>\n<p style=\"text-align: justify;\"><strong>Filipa Oliveira<\/strong> is, since 2018, the Visual Arts Programmer and Curator of the City of Almada, running the Casa da Cerca Art Center and the Municipal Art Gallery. She is also the founding curator of the Navigator Art on Paper Prize. From 2015 to 2017 she was the artistic director of the F\u00f3rum Eug\u00e9nio de Almeida in \u00c9vora, Portugal.\u00a0Prior she worked as an independent curator for 12 years working with institutions such as\u00a0Centro Cultural de Bel\u00e9m (Lisbon), Kettle\u2019s Yard (UK), John Hansards Gallery (UK), Tate Modern (UK), Funda\u00e7\u00e3o Calouste Gulbenkian Centro de Arte Moderna (Lisbon), Funda\u00e7\u00e3o Carmona e Costa (Lisbon), Fondation Calouste Gulbenkian (France), Berardo Museum (Lisbon), Crac Alsace (France), Kunstverein Springhornhof (Germany), Ffotogallery (UK), Mead Gallery (UK), Frieze Projects (UK), Stills Gallery (UK), among others. She was curatorial assistant of the 28th S\u00e3o Paulo Biennial and in 2012 was guest curator of the\u00a0Satellite at Jeu de Paume where she curated solo exhibitions of Jimmy Robert, Tamar Guimar\u00e3es, Rosa Barba and Filipa C\u00e9sar. She has an extensive list of essays in catalogues and in publications. Has written essays and exhibition reviews for Arte Contexto, Contemporary and Flash Art\u00a0 L+Arte and Artforum.<\/p>\n<h4 style=\"text-align: left;\">LU\u00cdSA SANTOS<\/h4>\n<p style=\"text-align: justify;\"><strong>Lu\u00edsa Santos<\/strong>\u00a0(1980, Lisbon) trained as a communication designer (5 year degree at Faculty Fine Arts Lisbon, 1998-2003) and worked as a designer in advertising and design studios between 2003 and 2006, in Portugal and Italy. In 2006, Lu\u00edsa Santos moved to London, where she graduated with a Masters in Curating Contemporary Art at the Royal College of Art, with the support of the Gulbenkian Foundation (2006-2008). She has been working as an independent curator since 2008, having lived in England, Austria, Denmark, Germany and Belgium. In 2015, she was awarded her PhD on \u2018multidisciplinary approaches in art for social change\u2019, in the frame of the CCCPM programme (SEgroup and Humboldt- Viadrina School of Governance, Berlin), which she has published with Routledge in 2018 under the title Multidisciplinarity: Projects for Social Change in Art and Culture. In 2016, she was awarded a Gulbenkian Professorship and appointed Assistant Professor at the Faculty of Human Sciences of Universidade Cat\u00f3lica Portuguesa, in Lisbon, where she is currently coordinating 4Cs: from Conflict to Conviviality through Creativity and Culture, a project co-funded by the European Commission through Creative Europe. She is also a member of ICOM; AICA (Association Internationale des Critiques d\u2019Art \u2013 International Association of Art Critics); APHA (Associa\u00e7\u00e3o Portuguesa de Historiadores da Arte); IKT (International Association of Curators of Contemporary Art); and The British Art Network, Tate, since May 2013.<\/p>\n<h4 style=\"text-align: left;\">MELISSA RODRIGUES<\/h4>\n<p style=\"text-align: justify;\"><strong>Melissa Rodrigues<\/strong> (1985, Cape-Verde). Post graduated in Performance (Specialization Degree) by the Faculty of Fine Arts \u2013 UP and Under graduated in Anthropology by FCSH \u2013 UNL. Member of Forma\u00e7\u00e3o Intensiva Acompanhada (F.I.A.) in Performative Arts by c.e.m. \u2013 centro em movimento, Lisbon. Currently living in Porto, she\u2019s an Educator at the Educational Services in Serralves Museum of Contemporary Art; collaborates with A Oficina \u2013 Educa\u00e7\u00e3o e Media\u00e7\u00e3o Cultural \u2013 Guimar\u00e3es \u2013 and is on the process of creating a pedagogical project for ESPA\u00c7O SP620 \u2013 Salut Au Monde! Frequently participates in collaborative and interdisciplinary projects that are related with art, experimentation and activism. As a researcher in the areas of performance and anthropology, she has been developing research in Visual culture, image and representation. Co-creating in 2017 with \u2018Coletivo Ch\u00e1 das Pretas\u2019 the performance \u2018cabelo\u2019, following in the same year by invitation of choreographer Jocl\u00e9cio Azevedo, conceived a lecture-performance presented in the scope of the \u201dDocument\u00e1rio\u201d Project, that took place in the performance-conference of \u201csubmissive to politics \u2013 the place of a black body in visual culture\u201d, performance that has been shown in both academic and artistic context.<\/p>\n<p>[\/vc_column_text][\/vc_column][\/vc_row][vc_row][vc_column][vc_custom_heading text=&#8221;Public Program&#8221; font_container=&#8221;tag:h3|text_align:left&#8221; use_theme_fonts=&#8221;yes&#8221;][vc_separator align=&#8221;align_left&#8221;][\/vc_column][\/vc_row][vc_row][vc_column][vc_column_text]<strong>&gt; 10 December | Tuesday | 9 pm<\/strong><br \/>\nN\u00e1stio Mosquito Sound Installation<\/p>\n<p><strong>&gt; 12 December | Thursday | 6 pm<\/strong><br \/>\nTalk with national artists and the curator Filipa Oliveira<\/p>\n<p><strong>&gt; 13 December | Friday <\/strong><br \/>\n<strong>6 pm<\/strong> |Talk with international artists and the curator Lu\u00edsa Santos<br \/>\n<strong>8 pm<\/strong> | Special Dinner (info &amp; reservations: communication@hangar.com.pt)<\/p>\n<p><strong>&gt; 17 December | Tuesday | 6 pm<\/strong><br \/>\nArtist talk &amp; Performance with invited artist Melissa Rodrigues<br \/>\n\u201cfrom submissive to political \u2013 the place of the black body in visual culture\u201d<\/p>\n<p><strong>&gt; 20 December | Friday <\/strong><br \/>\n<strong>6 pm<\/strong> | Open day<br \/>\n<strong>8 pm<\/strong> | Special dinner &amp; DJ Maurrice (info &amp; reservations: communication@hangar.com.pt)[\/vc_column_text][\/vc_column][\/vc_row][vc_row][vc_column width=&#8221;1\/4&#8243;][\/vc_column][vc_column width=&#8221;1\/4&#8243;][vc_single_image image=&#8221;14269&#8243; img_size=&#8221;280&#215;200&#8243; alignment=&#8221;center&#8221; onclick=&#8221;custom_link&#8221; link=&#8221;https:\/\/hangar.com.pt\/en\/talk-with-national-artists-and-invited-curator-filipa-oliveira\/&#8221;][vc_column_text]<\/p>\n<h4 style=\"text-transform: capitalize; text-align: center;\"><a href=\"https:\/\/hangar.com.pt\/en\/talk-with-national-artists-and-invited-curator-filipa-oliveira\/\">Talk with national artists and the curator Filipa Oliveira<\/a><\/h4>\n<p style=\"text-align: center;\">12 December | Thursday | 6 pm<br \/>\nENTRADA LIVRE<\/p>\n<p>[\/vc_column_text][\/vc_column][vc_column width=&#8221;1\/4&#8243;][vc_single_image image=&#8221;14244&#8243; img_size=&#8221;280&#215;200&#8243; alignment=&#8221;center&#8221; onclick=&#8221;custom_link&#8221; link=&#8221;https:\/\/hangar.com.pt\/en\/talk-with-the-international-artists-and-the-invited-curator-luisa-santos-dinner-dj\/&#8221;][vc_column_text]<\/p>\n<h4 style=\"text-transform: capitalize; text-align: center;\"><a href=\"https:\/\/hangar.com.pt\/en\/talk-with-the-international-artists-and-the-invited-curator-luisa-santos-dinner-dj\/\">Talk with international artists and the curator Lu\u00edsa Santos + Dinner<\/a><\/h4>\n<p style=\"text-align: center;\">13 December | Friday<br \/>\n6 pm |Talk with international artists and the curator Lu\u00edsa Santos<br \/>\n8 pm | Special Dinner (info &amp; reservations: communication@hangar.com.pt)<\/p>\n<p>[\/vc_column_text][\/vc_column][vc_column width=&#8221;1\/4&#8243;][vc_single_image image=&#8221;14335&#8243; img_size=&#8221;280&#215;200&#8243; alignment=&#8221;center&#8221; onclick=&#8221;custom_link&#8221; link=&#8221;https:\/\/hangar.com.pt\/en\/artist-talk-melissa-rodrigues-dinner-dj\/&#8221;][vc_column_text]<\/p>\n<h4 style=\"text-transform: capitalize; text-align: center;\"><a href=\"https:\/\/hangar.com.pt\/en\/artist-talk-melissa-rodrigues-dinner-dj\/\">Artist talk &amp; Performance with invited artist Melissa Rodrigues<\/a><\/h4>\n<p style=\"text-align: center;\">17 December | Tuesday | 6 pm<br \/>\n\u201cfrom submissive to political \u2013 the place of the black body in visual culture\u201d<\/p>\n<p>[\/vc_column_text][\/vc_column][\/vc_row][vc_row][vc_column width=&#8221;1\/4&#8243;][vc_single_image image=&#8221;14327&#8243; img_size=&#8221;280&#215;200&#8243; alignment=&#8221;center&#8221; onclick=&#8221;custom_link&#8221; link=&#8221;https:\/\/hangar.com.pt\/en\/open-day-jantar-dj-maurrice\/&#8221;][vc_column_text]<\/p>\n<h4 style=\"text-transform: capitalize; text-align: center;\"><a href=\"https:\/\/hangar.com.pt\/en\/open-day-jantar-dj-maurrice\/\">Open Day+Dinner &amp; DJ Maurrice<\/a><\/h4>\n<p style=\"text-align: center;\">20 December | Friday<br \/>\n6 pm | Open day<br \/>\n8 pm | Special dinner &amp; DJ Maurrice (info &amp; reservations: communication@hangar.com.pt)<\/p>\n<p>[\/vc_column_text][\/vc_column][vc_column width=&#8221;1\/4&#8243;][\/vc_column][vc_column width=&#8221;1\/4&#8243;][\/vc_column][vc_column width=&#8221;1\/4&#8243;][\/vc_column][\/vc_row]<\/p>\n<\/div>","protected":false},"excerpt":{"rendered":"<p>[vc_row][vc_column][vc_empty_space height=&#8221;5px&#8221;][vc_separator color=&#8221;black&#8221;][\/vc_column][\/vc_row][vc_row][vc_column][vc_custom_heading text=&#8221;UNTITLED 10 TO 20 DECEMBER 2019&#8243; font_container=&#8221;tag:h3|text_align:center&#8221; use_theme_fonts=&#8221;yes&#8221;][\/vc_column][\/vc_row][vc_row][vc_column][vc_single_image image=&#8221;14201&#8243; img_size=&#8221;full&#8221; alignment=&#8221;center&#8221;][vc_column_text]Imagem Yibo Xu[\/vc_column_text][\/vc_column][\/vc_row][vc_row][vc_column][vc_column_text]Untitled is the eight edition of Triangle Network (trianglenetwork.org) workshop held in Hangar, Lisbon. Often&hellip;<\/p>\n","protected":false},"author":8,"featured_media":14202,"comment_status":"closed","ping_status":"closed","sticky":false,"template":"","format":"standard","meta":{"footnotes":""},"categories":[1],"tags":[183],"class_list":["post-14199","post","type-post","status-publish","format-standard","has-post-thumbnail","hentry","category-uncategorized","tag-tn2017-en"],"_links":{"self":[{"href":"http:\/\/hangar.com.pt\/en\/wp-json\/wp\/v2\/posts\/14199","targetHints":{"allow":["GET"]}}],"collection":[{"href":"http:\/\/hangar.com.pt\/en\/wp-json\/wp\/v2\/posts"}],"about":[{"href":"http:\/\/hangar.com.pt\/en\/wp-json\/wp\/v2\/types\/post"}],"author":[{"embeddable":true,"href":"http:\/\/hangar.com.pt\/en\/wp-json\/wp\/v2\/users\/8"}],"replies":[{"embeddable":true,"href":"http:\/\/hangar.com.pt\/en\/wp-json\/wp\/v2\/comments?post=14199"}],"version-history":[{"count":0,"href":"http:\/\/hangar.com.pt\/en\/wp-json\/wp\/v2\/posts\/14199\/revisions"}],"wp:featuredmedia":[{"embeddable":true,"href":"http:\/\/hangar.com.pt\/en\/wp-json\/wp\/v2\/media\/14202"}],"wp:attachment":[{"href":"http:\/\/hangar.com.pt\/en\/wp-json\/wp\/v2\/media?parent=14199"}],"wp:term":[{"taxonomy":"category","embeddable":true,"href":"http:\/\/hangar.com.pt\/en\/wp-json\/wp\/v2\/categories?post=14199"},{"taxonomy":"post_tag","embeddable":true,"href":"http:\/\/hangar.com.pt\/en\/wp-json\/wp\/v2\/tags?post=14199"}],"curies":[{"name":"wp","href":"https:\/\/api.w.org\/{rel}","templated":true}]}}